{"id":21730,"date":"2019-05-28T19:54:04","date_gmt":"2019-05-28T19:54:04","guid":{"rendered":"https:\/\/armstrongyregion.com.ar\/diario\/?p=21730"},"modified":"2019-05-28T19:54:04","modified_gmt":"2019-05-28T19:54:04","slug":"armstrong-orden-del-dia-28-de-mayo","status":"publish","type":"post","link":"https:\/\/armstrongyregion.com.ar\/diario\/armstrong-orden-del-dia-28-de-mayo\/","title":{"rendered":"Armstrong. Orden del Dia 28 de Mayo."},"content":{"rendered":"<p><a href=\"http:\/\/armstrongyregion.com.ar\/diario\/wp-content\/uploads\/2019\/03\/Apertura-concejo-19-1-.jpg\"><img loading=\"lazy\" decoding=\"async\" class=\"alignnone size-full wp-image-20726\" src=\"http:\/\/armstrongyregion.com.ar\/diario\/wp-content\/uploads\/2019\/03\/Apertura-concejo-19-1-.jpg\" alt=\"Apertura-concejo-19-1-\" width=\"960\" height=\"466\" srcset=\"https:\/\/armstrongyregion.com.ar\/diario\/wp-content\/uploads\/2019\/03\/Apertura-concejo-19-1-.jpg 960w, https:\/\/armstrongyregion.com.ar\/diario\/wp-content\/uploads\/2019\/03\/Apertura-concejo-19-1--300x146.jpg 300w\" sizes=\"auto, (max-width: 960px) 100vw, 960px\" \/><\/a>1-\u00a0 <u>ACTA\u00a0 SESION\u00a0 N\u00ba 996<\/u><\/p>\n<p><u>\u00a0<\/u>2-\u00a0 <u>MENSAJES DEL D.E.:<\/u><\/p>\n<p>A-\u00a0 EXENCI\u00d3N DE IMPUESTOS PARA UN VECINO DE LA CIUDAD.<\/p>\n<p>3-\u00a0 <u>CORRESPONDENCIA:<\/u><\/p>\n<p><u>\u00a0<\/u>4-\u00a0 <u>DICTAMENES DE COMISIONES:<\/u><\/p>\n<p>5-\u00a0 <u>PROYECTOS DE CONCEJALES:<\/u><\/p>\n<p>&nbsp;<\/p>\n<p>A- <u>BLOQUE DE FRENTE PROGRESISTA, C\u00cdVICO Y SOCIAL:<\/u><\/p>\n<p>&nbsp;<\/p>\n<p>1-\u00a0 MC.: INFORME ACERCA DEL TRASLADO DE LA PLANTA DE SILOS DE LA COOP. AGR\u00cdCOLA.<\/p>\n<p>&nbsp;<\/p>\n<p>B- <u>BLOQUE DE RENOVACI\u00d3N POR ARMSTRONG:<\/u><\/p>\n<p>&nbsp;<\/p>\n<p>2- MC.: COLOCACI\u00d3N DE LIMITADOR DE ALTURA EN LA INTERSECCI\u00d3N DE CALLE ANT\u00c1RTIDA<\/p>\n<p>ARGENTINA CON H. IRIGOYEN.<\/p>\n<p>&nbsp;<\/p>\n<p>3- MC.: ACONDICIONAMIENTO DE LAS GALER\u00cdAS DE NICHOS M\u00c1S ANTIGUAS DEL CEMENTERIO<\/p>\n<p>LOCAL.<\/p>\n<p>&nbsp;<\/p>\n<p>4- MC.: DIFUSI\u00d3N SOBRE RIESGOS Y PREVENCI\u00d3N ANTE INTOXICACI\u00d3N POR MON\u00d3XIDO DE CARBONO.<\/p>\n<p>&nbsp;<\/p>\n<p>C- <u>BLOQUE JUSTICIALISTA:<\/u><\/p>\n<p>&nbsp;<\/p>\n<p>5- ORD.: CREACI\u00d3N DEL PROGRAMA\u00a0 \u201cCHAU SORBETES\u201d.<\/p>\n<p>&nbsp;<\/p>\n<p>E- <u>CONCEJO:<\/u><\/p>\n<p>&nbsp;<\/p>\n<p>6-\u00a0 MD.: D\u00cdA DE LOS JARDINES DE INFANTES.<\/p>\n<p>&nbsp;<\/p>\n<p>7- \u00a0MD.: D\u00cdA INTERNACIONAL DE ACCI\u00d3N POR LA SALUD DE LA MUJER.<\/p>\n<p>&nbsp;<\/p>\n<p>8-\u00a0 MD.: D\u00cdA DEL BOMBERO VOLUNTARIO.<\/p>\n<p>&nbsp;<\/p>\n<p>&nbsp;<\/p>\n<p>INICIO A LAS 20:00 HORAS.<\/p>\n<p>&nbsp;<\/p>\n<p>&nbsp;<\/p>\n","protected":false},"excerpt":{"rendered":"<p>1-\u00a0 ACTA\u00a0 SESION\u00a0 N\u00ba 996 \u00a02-\u00a0 MENSAJES DEL D.E.: A-\u00a0 EXENCI\u00d3N DE IMPUESTOS PARA UN VECINO DE LA CIUDAD. 3-\u00a0 CORRESPONDENCIA: \u00a04-\u00a0 DICTAMENES DE COMISIONES: 5-\u00a0 PROYECTOS DE CONCEJALES: &nbsp; A- BLOQUE DE FRENTE PROGRESISTA, C\u00cdVICO Y SOCIAL: &nbsp; 1-\u00a0 MC.: INFORME ACERCA DEL TRASLADO DE LA PLANTA DE SILOS DE LA COOP. AGR\u00cdCOLA. &nbsp; <a href=\"https:\/\/armstrongyregion.com.ar\/diario\/armstrong-orden-del-dia-28-de-mayo\/\" title=\"Read more\" >&#8230;<\/a><\/p>\n","protected":false},"author":1,"featured_media":20726,"comment_status":"open","ping_status":"open","sticky":false,"template":"","format":"standard","meta":{"_jetpack_memberships_contains_paid_content":false,"footnotes":"","jetpack_publicize_message":"","jetpack_publicize_feature_enabled":true,"jetpack_social_post_already_shared":false,"jetpack_social_options":{"image_generator_settings":{"template":"highway","default_image_id":0,"enabled":false},"version":2}},"categories":[8,1,2,7],"tags":[7951],"class_list":["post-21730","post","type-post","status-publish","format-standard","has-post-thumbnail","hentry","category-deliberando","category-diario-armstrong","category-locales","category-politica","tag-armstrong-orden-del-dia-28-de-mayo"],"jetpack_publicize_connections":[],"jetpack_featured_media_url":"https:\/\/armstrongyregion.com.ar\/diario\/wp-content\/uploads\/2019\/03\/Apertura-concejo-19-1-.jpg","jetpack_shortlink":"https:\/\/wp.me\/p62QDO-5Eu","jetpack_sharing_enabled":true,"amp_enabled":true,"_links":{"self":[{"href":"https:\/\/armstrongyregion.com.ar\/diario\/wp-json\/wp\/v2\/posts\/21730","targetHints":{"allow":["GET"]}}],"collection":[{"href":"https:\/\/armstrongyregion.com.ar\/diario\/wp-json\/wp\/v2\/posts"}],"about":[{"href":"https:\/\/armstrongyregion.com.ar\/diario\/wp-json\/wp\/v2\/types\/post"}],"author":[{"embeddable":true,"href":"https:\/\/armstrongyregion.com.ar\/diario\/wp-json\/wp\/v2\/users\/1"}],"replies":[{"embeddable":true,"href":"https:\/\/armstrongyregion.com.ar\/diario\/wp-json\/wp\/v2\/comments?post=21730"}],"version-history":[{"count":0,"href":"https:\/\/armstrongyregion.com.ar\/diario\/wp-json\/wp\/v2\/posts\/21730\/revisions"}],"wp:featuredmedia":[{"embeddable":true,"href":"https:\/\/armstrongyregion.com.ar\/diario\/wp-json\/wp\/v2\/media\/20726"}],"wp:attachment":[{"href":"https:\/\/armstrongyregion.com.ar\/diario\/wp-json\/wp\/v2\/media?parent=21730"}],"wp:term":[{"taxonomy":"category","embeddable":true,"href":"https:\/\/armstrongyregion.com.ar\/diario\/wp-json\/wp\/v2\/categories?post=21730"},{"taxonomy":"post_tag","embeddable":true,"href":"https:\/\/armstrongyregion.com.ar\/diario\/wp-json\/wp\/v2\/tags?post=21730"}],"curies":[{"name":"wp","href":"https:\/\/api.w.org\/{rel}","templated":true}]}}