{"id":21704,"date":"2019-05-27T11:28:30","date_gmt":"2019-05-27T11:28:30","guid":{"rendered":"https:\/\/armstrongyregion.com.ar\/diario\/?p=21704"},"modified":"2019-05-27T11:28:30","modified_gmt":"2019-05-27T11:28:30","slug":"el-dr-carlos-damin-brindara-una-charla-en-sala-iris-marga","status":"publish","type":"post","link":"https:\/\/armstrongyregion.com.ar\/diario\/el-dr-carlos-damin-brindara-una-charla-en-sala-iris-marga\/","title":{"rendered":"El Dr. Carlos Dam\u00edn, brindara una charla en Sala \u00abIris Marga\u00bb."},"content":{"rendered":"<p><a href=\"http:\/\/armstrongyregion.com.ar\/diario\/wp-content\/uploads\/2019\/05\/charla-1.png\"><img loading=\"lazy\" decoding=\"async\" class=\"alignnone size-full wp-image-21705\" src=\"http:\/\/armstrongyregion.com.ar\/diario\/wp-content\/uploads\/2019\/05\/charla-1.png\" alt=\"charla-1\" width=\"655\" height=\"376\" srcset=\"https:\/\/armstrongyregion.com.ar\/diario\/wp-content\/uploads\/2019\/05\/charla-1.png 655w, https:\/\/armstrongyregion.com.ar\/diario\/wp-content\/uploads\/2019\/05\/charla-1-300x172.png 300w\" sizes=\"auto, (max-width: 655px) 100vw, 655px\" \/><\/a>El Dr. Carlos Damin, brindara su charla en la ciudad de Armstrong el proximo 30 de mayo a las 19 horas en la Sala \u201cIris Marga\u201d de Club Norte con entrada libre y gratuita.<\/p>\n<p>Informes e inscripciones en OSDE Armstrong: maria.rinaudo@osde.com.ar \u2013 Tel. (03471) 462-528<\/p>\n<p>Tenemos una sociedad que consume sustancias todo el tiempo. A\u00f1o a a\u00f1o se registra un aumento en el n\u00famero de intoxicaciones por droga licitas e il\u00edcitas en nuestros hospitales, mientras se fomenta el consumo a trav\u00e9s de la publicidad de bebidas alcoh\u00f3licas y de medicamentos. Si bien el problema de las adicciones es tratable, son necesarias m\u00e1s acciones de prevenci\u00f3n y promoci\u00f3n de la salud para poder asi elaborar y construir estrategias de intervenci\u00f3n adecuada.<\/p>\n<p>Dr. Carlos Dam\u00edn, m\u00e9dico egresado de la Facultad de Medicina (UBA). Doctor de la UBA en el \u00e1rea Medicina Legal y toxicolog\u00eda. Actualmente se desempe\u00f1a como Jefe de la Divisi\u00f3n Toxicolog\u00eda del Hospital \u201cJuan A. Fernandez\u201d de la ciudad de Buenos Aires, y como Subsecretario de Asusntos Acad\u00e9micos de la Facultad de Medicina de la UBA. Se form\u00f3 en el Hospital Fern\u00e1ndez en toxicolog\u00eda, obteniendo la especializaci\u00f3n en la Universidad Nacional de Buenos Aires y en Salud P\u00fablica y Medicina Laboral, habiendo complementado estudios en la Escuela de Medicina de Honnover, Alemania. Autor de art\u00edculos y m\u00faltiples presentaciones en congresos de la especialidad. Disertante en numerosas conferencias en el \u00e1mbito nacional e internacional. E desempe\u00f1a como Profesor Titular de la primera C\u00e1tedra de Toxicolog\u00eda de la Facultad de Medicina (UBA). Fue Director Departamental en varias oportunidades y actualmente dirige la Unidad Docente Hospitalaria (UDH) del Hospital \u201cJuan A. Fern\u00e1ndez\u201d. El el coordinador general de la Residencia en Toxicolog\u00eda del Gobierno de la ciudad de Buenos Aires y dirige la Carrera de M\u00e9dicos Especialistas en Toxicolog\u00eda de la UBA. Es fundador y Director de FundaTox.<\/p>\n","protected":false},"excerpt":{"rendered":"<p>El Dr. Carlos Damin, brindara su charla en la ciudad de Armstrong el proximo 30 de mayo a las 19 horas en la Sala \u201cIris Marga\u201d de Club Norte con entrada libre y gratuita. Informes e inscripciones en OSDE Armstrong: maria.rinaudo@osde.com.ar \u2013 Tel. (03471) 462-528 Tenemos una sociedad que consume sustancias todo el tiempo. A\u00f1o <a href=\"https:\/\/armstrongyregion.com.ar\/diario\/el-dr-carlos-damin-brindara-una-charla-en-sala-iris-marga\/\" title=\"Read more\" >&#8230;<\/a><\/p>\n","protected":false},"author":1,"featured_media":21705,"comment_status":"open","ping_status":"open","sticky":false,"template":"","format":"standard","meta":{"_jetpack_memberships_contains_paid_content":false,"footnotes":"","jetpack_publicize_message":"","jetpack_publicize_feature_enabled":true,"jetpack_social_post_already_shared":false,"jetpack_social_options":{"image_generator_settings":{"template":"highway","default_image_id":0,"enabled":false},"version":2}},"categories":[8,1,2,4],"tags":[7943,7942],"class_list":["post-21704","post","type-post","status-publish","format-standard","has-post-thumbnail","hentry","category-deliberando","category-diario-armstrong","category-locales","category-prevencion-salud","tag-brindara-una-charla-en-sala-iris-marga","tag-el-dr-carlos-damin"],"jetpack_publicize_connections":[],"jetpack_featured_media_url":"https:\/\/armstrongyregion.com.ar\/diario\/wp-content\/uploads\/2019\/05\/charla-1.png","jetpack_shortlink":"https:\/\/wp.me\/p62QDO-5E4","jetpack_sharing_enabled":true,"amp_enabled":true,"_links":{"self":[{"href":"https:\/\/armstrongyregion.com.ar\/diario\/wp-json\/wp\/v2\/posts\/21704","targetHints":{"allow":["GET"]}}],"collection":[{"href":"https:\/\/armstrongyregion.com.ar\/diario\/wp-json\/wp\/v2\/posts"}],"about":[{"href":"https:\/\/armstrongyregion.com.ar\/diario\/wp-json\/wp\/v2\/types\/post"}],"author":[{"embeddable":true,"href":"https:\/\/armstrongyregion.com.ar\/diario\/wp-json\/wp\/v2\/users\/1"}],"replies":[{"embeddable":true,"href":"https:\/\/armstrongyregion.com.ar\/diario\/wp-json\/wp\/v2\/comments?post=21704"}],"version-history":[{"count":0,"href":"https:\/\/armstrongyregion.com.ar\/diario\/wp-json\/wp\/v2\/posts\/21704\/revisions"}],"wp:featuredmedia":[{"embeddable":true,"href":"https:\/\/armstrongyregion.com.ar\/diario\/wp-json\/wp\/v2\/media\/21705"}],"wp:attachment":[{"href":"https:\/\/armstrongyregion.com.ar\/diario\/wp-json\/wp\/v2\/media?parent=21704"}],"wp:term":[{"taxonomy":"category","embeddable":true,"href":"https:\/\/armstrongyregion.com.ar\/diario\/wp-json\/wp\/v2\/categories?post=21704"},{"taxonomy":"post_tag","embeddable":true,"href":"https:\/\/armstrongyregion.com.ar\/diario\/wp-json\/wp\/v2\/tags?post=21704"}],"curies":[{"name":"wp","href":"https:\/\/api.w.org\/{rel}","templated":true}]}}