{"id":21689,"date":"2019-05-26T14:44:54","date_gmt":"2019-05-26T14:44:54","guid":{"rendered":"https:\/\/armstrongyregion.com.ar\/diario\/?p=21689"},"modified":"2019-05-26T14:44:54","modified_gmt":"2019-05-26T14:44:54","slug":"perotti-la-gente-nos-pide-vivir-en-paz-y-en-orden","status":"publish","type":"post","link":"https:\/\/armstrongyregion.com.ar\/diario\/perotti-la-gente-nos-pide-vivir-en-paz-y-en-orden\/","title":{"rendered":"Perotti: \u201cLa gente nos pide vivir en paz y en orden\u201d."},"content":{"rendered":"<p style=\"font-weight: 400;\"><a href=\"http:\/\/armstrongyregion.com.ar\/diario\/wp-content\/uploads\/2019\/05\/Perotti-01.jpg\"><img loading=\"lazy\" decoding=\"async\" class=\"alignnone size-full wp-image-21690\" src=\"http:\/\/armstrongyregion.com.ar\/diario\/wp-content\/uploads\/2019\/05\/Perotti-01.jpg\" alt=\"Perotti 01\" width=\"768\" height=\"467\" srcset=\"https:\/\/armstrongyregion.com.ar\/diario\/wp-content\/uploads\/2019\/05\/Perotti-01.jpg 768w, https:\/\/armstrongyregion.com.ar\/diario\/wp-content\/uploads\/2019\/05\/Perotti-01-300x182.jpg 300w\" sizes=\"auto, (max-width: 768px) 100vw, 768px\" \/><\/a>El candidato a gobernador Omar Perotti asegur\u00f3 que durante las distintas recorridas que realiza por todo el territorio santafesino\u00a0 \u201cla gente te habla con total claridad y te pregunta: \u00bfC\u00f3mo en una provincia tan grande, tan enorme, tan gigante, no tenemos tantas oportunidades? \u00bfC\u00f3mo no podemos vivir en paz? \u00bfC\u00f3mo no podemos ordenar esto para recuperar tranquilidad?\u201d.<\/p>\n<p style=\"font-weight: 400;\">\u00a0En ese sentido, afirm\u00f3 que \u201cel deseo de trabajar y vivir en paz es lo que est\u00e1 en cada santafesino\u201d y que en las expresiones que recibe de los vecinos est\u00e1 \u201cel deseo fundamental de que podamos tener una provincia que se ordene con una mejor seguridad\u201d.<\/p>\n<p style=\"font-weight: 400;\">\u00a0Al respecto reafirm\u00f3 que \u201cyo no tengo miedo de usar la palabra orden. Sin orden no se pueden disfrutar las libertades\u201d y explic\u00f3: \u201cCuando \u00e9ramos chicos nos dec\u00edan nuestras madres \u00bfpor qu\u00e9 no orden\u00e1s tu pieza, por qu\u00e9 no orden\u00e1s tus cosas? \u00bfEso que era? poner las cosas en su lugar. Y poner las cosas en su lugar es poner a los delincuentes presos y a la gente trabajadora pudiendo vivir en paz\u201d.<\/p>\n<p style=\"font-weight: 400;\">\u00a0En consecuencia, Perotti remarc\u00f3 que \u201cla dimensi\u00f3n y la magnitud del avance del delito en la provincia de Santa Fe requiere de la colaboraci\u00f3n y de la coordinaci\u00f3n de las distintas fuerzas\u00bb y resalt\u00f3 que \u00abhay que tener una pol\u00edtica de seguridad muy diferente, hay que tener una actitud permanente para restablecer la confianza de la poblaci\u00f3n en su fuerza. Debemos tener un trabajo com\u00fan con el poder legislativo y el poder judicial para darle una se\u00f1al muy clara a la gente de que vamos a priorizar su cuidado\u00bb.<\/p>\n<p style=\"font-weight: 400;\">\u00a0\u00a0\u201cSi\u00a0 hay que modificar alguna ley, el legislativo lo deber\u00e1 hacer y si est\u00e1n todas las leyes, el poder judicial deber\u00e1 actuar en consecuencia\u00bb a\u00f1adi\u00f3 el rafaelino y resalt\u00f3 que \u00abla gente quiere que se le d\u00e9 una respuesta, la gente no quiere excusas\u00bb.<\/p>\n<p style=\"font-weight: 400;\">\u00a0Para cerrar, Perotti remarc\u00f3 que \u201cLa dimensi\u00f3n del avance del delito en la provincia de Santa Fe requiere de la colaboraci\u00f3n y de la coordinaci\u00f3n de las distintas fuerzas y all\u00ed es donde esto tiene que ser algo mucho m\u00e1s natural\u201d\u00a0 y que \u00abhay que ponerse codo a codo con el que puede ayudar, que puede dar una mano\u201d. Y concluy\u00f3: \u00abEs all\u00ed donde somos terminantes y las diferencias con el socialismo y sus pol\u00edticas de seguridad con nosotros son m\u00e1s profundas\u201d.<\/p>\n","protected":false},"excerpt":{"rendered":"<p>El candidato a gobernador Omar Perotti asegur\u00f3 que durante las distintas recorridas que realiza por todo el territorio santafesino\u00a0 \u201cla gente te habla con total claridad y te pregunta: \u00bfC\u00f3mo en una provincia tan grande, tan enorme, tan gigante, no tenemos tantas oportunidades? \u00bfC\u00f3mo no podemos vivir en paz? \u00bfC\u00f3mo no podemos ordenar esto para <a href=\"https:\/\/armstrongyregion.com.ar\/diario\/perotti-la-gente-nos-pide-vivir-en-paz-y-en-orden\/\" title=\"Read more\" >&#8230;<\/a><\/p>\n","protected":false},"author":1,"featured_media":21690,"comment_status":"open","ping_status":"open","sticky":false,"template":"","format":"standard","meta":{"_jetpack_memberships_contains_paid_content":false,"footnotes":"","jetpack_publicize_message":"","jetpack_publicize_feature_enabled":true,"jetpack_social_post_already_shared":false,"jetpack_social_options":{"image_generator_settings":{"template":"highway","default_image_id":0,"enabled":false},"version":2}},"categories":[8,1,2,7,3],"tags":[7938],"class_list":["post-21689","post","type-post","status-publish","format-standard","has-post-thumbnail","hentry","category-deliberando","category-diario-armstrong","category-locales","category-politica","category-region","tag-perotti-la-gente-nos-pide-vivir-en-paz-y-en-orden"],"jetpack_publicize_connections":[],"jetpack_featured_media_url":"https:\/\/armstrongyregion.com.ar\/diario\/wp-content\/uploads\/2019\/05\/Perotti-01.jpg","jetpack_shortlink":"https:\/\/wp.me\/p62QDO-5DP","jetpack_sharing_enabled":true,"amp_enabled":true,"_links":{"self":[{"href":"https:\/\/armstrongyregion.com.ar\/diario\/wp-json\/wp\/v2\/posts\/21689","targetHints":{"allow":["GET"]}}],"collection":[{"href":"https:\/\/armstrongyregion.com.ar\/diario\/wp-json\/wp\/v2\/posts"}],"about":[{"href":"https:\/\/armstrongyregion.com.ar\/diario\/wp-json\/wp\/v2\/types\/post"}],"author":[{"embeddable":true,"href":"https:\/\/armstrongyregion.com.ar\/diario\/wp-json\/wp\/v2\/users\/1"}],"replies":[{"embeddable":true,"href":"https:\/\/armstrongyregion.com.ar\/diario\/wp-json\/wp\/v2\/comments?post=21689"}],"version-history":[{"count":0,"href":"https:\/\/armstrongyregion.com.ar\/diario\/wp-json\/wp\/v2\/posts\/21689\/revisions"}],"wp:featuredmedia":[{"embeddable":true,"href":"https:\/\/armstrongyregion.com.ar\/diario\/wp-json\/wp\/v2\/media\/21690"}],"wp:attachment":[{"href":"https:\/\/armstrongyregion.com.ar\/diario\/wp-json\/wp\/v2\/media?parent=21689"}],"wp:term":[{"taxonomy":"category","embeddable":true,"href":"https:\/\/armstrongyregion.com.ar\/diario\/wp-json\/wp\/v2\/categories?post=21689"},{"taxonomy":"post_tag","embeddable":true,"href":"https:\/\/armstrongyregion.com.ar\/diario\/wp-json\/wp\/v2\/tags?post=21689"}],"curies":[{"name":"wp","href":"https:\/\/api.w.org\/{rel}","templated":true}]}}