{"id":21670,"date":"2019-05-23T15:00:52","date_gmt":"2019-05-23T15:00:52","guid":{"rendered":"https:\/\/armstrongyregion.com.ar\/diario\/?p=21670"},"modified":"2019-05-23T15:00:52","modified_gmt":"2019-05-23T15:00:52","slug":"la-importancia-de-la-educacion-para-el-arraigo","status":"publish","type":"post","link":"https:\/\/armstrongyregion.com.ar\/diario\/la-importancia-de-la-educacion-para-el-arraigo\/","title":{"rendered":"La importancia de la educaci\u00f3n para el arraigo."},"content":{"rendered":"<p><a href=\"http:\/\/armstrongyregion.com.ar\/diario\/wp-content\/uploads\/2019\/05\/solis-mayo.jpg\"><img loading=\"lazy\" decoding=\"async\" class=\"alignnone size-full wp-image-21671\" src=\"http:\/\/armstrongyregion.com.ar\/diario\/wp-content\/uploads\/2019\/05\/solis-mayo.jpg\" alt=\"solis-mayo\" width=\"768\" height=\"449\" srcset=\"https:\/\/armstrongyregion.com.ar\/diario\/wp-content\/uploads\/2019\/05\/solis-mayo.jpg 768w, https:\/\/armstrongyregion.com.ar\/diario\/wp-content\/uploads\/2019\/05\/solis-mayo-300x175.jpg 300w\" sizes=\"auto, (max-width: 768px) 100vw, 768px\" \/><\/a>Desde hace mucho tiempo escuchamos que el arraigo tiene que estar entre los temas a tratar por los diferentes niveles del estado.<\/p>\n<p>Aunque pareciera que hablamos de un tema estrictamente demogr\u00e1fico, la soluci\u00f3n viene de la mano a oportunidades de desarrollo para los j\u00f3venes en sus propios lugares de origen.<\/p>\n<p><a href=\"http:\/\/armstrongyregion.com.ar\/diario\/wp-content\/uploads\/2019\/05\/solis-mayo-2-.jpg\"><img loading=\"lazy\" decoding=\"async\" class=\"alignnone size-full wp-image-21672\" src=\"http:\/\/armstrongyregion.com.ar\/diario\/wp-content\/uploads\/2019\/05\/solis-mayo-2-.jpg\" alt=\"solis-mayo-2-\" width=\"768\" height=\"307\" srcset=\"https:\/\/armstrongyregion.com.ar\/diario\/wp-content\/uploads\/2019\/05\/solis-mayo-2-.jpg 768w, https:\/\/armstrongyregion.com.ar\/diario\/wp-content\/uploads\/2019\/05\/solis-mayo-2--300x120.jpg 300w\" sizes=\"auto, (max-width: 768px) 100vw, 768px\" \/><\/a>As\u00ed es que hace ya cuatro a\u00f1os Miguel Sol\u00eds, como Diputado de la provincia, impulsa un programa in\u00e9dito de becas en Santa Fe. Se trata del programa BECAS JUAN B. JUSTO que apoya a estudiantes que siguen carreras terciarias en institutos de la regi\u00f3n.<\/p>\n<p>Cuando se lanz\u00f3 el mismo la demanda de cobertura fue in\u00e9dita, cientos de estudiantes acudieron de manera espont\u00e1nea a inscribirse. La cantidad de solicitudes fue tal que al poco tiempo de instaurado el programa el equipo de asesores de Sol\u00eds desarroll\u00f3 un software que en base a las variables socioecon\u00f3micas del solicitante emite un ranking, que es uno de los datos que entran en consideraci\u00f3n a los fines del eventual otorgamiento del beneficio al postulante.<\/p>\n<p><a href=\"http:\/\/armstrongyregion.com.ar\/diario\/wp-content\/uploads\/2019\/05\/78a10cc1-a437-4746-b9ca-a0719ebd28d7.jpg\"><img loading=\"lazy\" decoding=\"async\" class=\"alignnone size-full wp-image-21673\" src=\"http:\/\/armstrongyregion.com.ar\/diario\/wp-content\/uploads\/2019\/05\/78a10cc1-a437-4746-b9ca-a0719ebd28d7.jpg\" alt=\"78a10cc1-a437-4746-b9ca-a0719ebd28d7\" width=\"768\" height=\"512\" srcset=\"https:\/\/armstrongyregion.com.ar\/diario\/wp-content\/uploads\/2019\/05\/78a10cc1-a437-4746-b9ca-a0719ebd28d7.jpg 768w, https:\/\/armstrongyregion.com.ar\/diario\/wp-content\/uploads\/2019\/05\/78a10cc1-a437-4746-b9ca-a0719ebd28d7-300x200.jpg 300w\" sizes=\"auto, (max-width: 768px) 100vw, 768px\" \/><\/a>Son m\u00e1s de 350 estudiantes del Departamento Belgrano que se ven beneficiados con los fondos del legislador que tienen un doble prop\u00f3sito, permitir el acceso a m\u00e1s j\u00f3venes al t\u00edtulo profesional y que se formen sin necesidad de emigrar a las grandes ciudades. Es dable destacar que estos fondos est\u00e1n totalmente bancarizados, haciendo de la transparencia un eje fundamental del sistema.<\/p>\n<p>El resultado inmediato, j\u00f3venes profesionales arraigados a sus lugares de nacimiento. Nuestra provincia no puede seguir el modelo de desarrollo demogr\u00e1fico del pa\u00eds, los grandes centros urbanos no pueden seguir recibiendo migraciones internas sin ning\u00fan tipo de planificaci\u00f3n. Sol\u00eds entendi\u00f3 este problema y supo desarrollar una manera, modesta pero eficiente de abordar la soluci\u00f3n, el incentivo al acceso a la educaci\u00f3n profesional en el propio territorio.<\/p>\n","protected":false},"excerpt":{"rendered":"<p>Desde hace mucho tiempo escuchamos que el arraigo tiene que estar entre los temas a tratar por los diferentes niveles del estado. Aunque pareciera que hablamos de un tema estrictamente demogr\u00e1fico, la soluci\u00f3n viene de la mano a oportunidades de desarrollo para los j\u00f3venes en sus propios lugares de origen. As\u00ed es que hace ya <a href=\"https:\/\/armstrongyregion.com.ar\/diario\/la-importancia-de-la-educacion-para-el-arraigo\/\" title=\"Read more\" >&#8230;<\/a><\/p>\n","protected":false},"author":1,"featured_media":21671,"comment_status":"open","ping_status":"open","sticky":false,"template":"","format":"standard","meta":{"_jetpack_memberships_contains_paid_content":false,"footnotes":"","jetpack_publicize_message":"","jetpack_publicize_feature_enabled":true,"jetpack_social_post_already_shared":false,"jetpack_social_options":{"image_generator_settings":{"template":"highway","default_image_id":0,"enabled":false},"version":2}},"categories":[8,1,2,7,3],"tags":[7935],"class_list":["post-21670","post","type-post","status-publish","format-standard","has-post-thumbnail","hentry","category-deliberando","category-diario-armstrong","category-locales","category-politica","category-region","tag-la-importancia-de-la-educacion-para-el-arraigo"],"jetpack_publicize_connections":[],"jetpack_featured_media_url":"https:\/\/armstrongyregion.com.ar\/diario\/wp-content\/uploads\/2019\/05\/solis-mayo.jpg","jetpack_shortlink":"https:\/\/wp.me\/p62QDO-5Dw","jetpack_sharing_enabled":true,"amp_enabled":true,"_links":{"self":[{"href":"https:\/\/armstrongyregion.com.ar\/diario\/wp-json\/wp\/v2\/posts\/21670","targetHints":{"allow":["GET"]}}],"collection":[{"href":"https:\/\/armstrongyregion.com.ar\/diario\/wp-json\/wp\/v2\/posts"}],"about":[{"href":"https:\/\/armstrongyregion.com.ar\/diario\/wp-json\/wp\/v2\/types\/post"}],"author":[{"embeddable":true,"href":"https:\/\/armstrongyregion.com.ar\/diario\/wp-json\/wp\/v2\/users\/1"}],"replies":[{"embeddable":true,"href":"https:\/\/armstrongyregion.com.ar\/diario\/wp-json\/wp\/v2\/comments?post=21670"}],"version-history":[{"count":0,"href":"https:\/\/armstrongyregion.com.ar\/diario\/wp-json\/wp\/v2\/posts\/21670\/revisions"}],"wp:featuredmedia":[{"embeddable":true,"href":"https:\/\/armstrongyregion.com.ar\/diario\/wp-json\/wp\/v2\/media\/21671"}],"wp:attachment":[{"href":"https:\/\/armstrongyregion.com.ar\/diario\/wp-json\/wp\/v2\/media?parent=21670"}],"wp:term":[{"taxonomy":"category","embeddable":true,"href":"https:\/\/armstrongyregion.com.ar\/diario\/wp-json\/wp\/v2\/categories?post=21670"},{"taxonomy":"post_tag","embeddable":true,"href":"https:\/\/armstrongyregion.com.ar\/diario\/wp-json\/wp\/v2\/tags?post=21670"}],"curies":[{"name":"wp","href":"https:\/\/api.w.org\/{rel}","templated":true}]}}