{"id":2167,"date":"2015-05-14T12:39:03","date_gmt":"2015-05-14T12:39:03","guid":{"rendered":"https:\/\/armstrongyregion.com.ar\/diario\/?p=2167"},"modified":"2015-05-14T12:39:03","modified_gmt":"2015-05-14T12:39:03","slug":"armstrong-miguel-torres-del-sel-participo-de-una-cena-con-simpatizantes-del-pro","status":"publish","type":"post","link":"https:\/\/armstrongyregion.com.ar\/diario\/armstrong-miguel-torres-del-sel-participo-de-una-cena-con-simpatizantes-del-pro\/","title":{"rendered":"Armstrong. Miguel Torres Del Sel particip\u00f3 de una cena con simpatizantes del Pro."},"content":{"rendered":"<p><a href=\"http:\/\/armstrongyregion.com.ar\/diario\/wp-content\/uploads\/2015\/05\/Del-Sel-093.jpg\"><img loading=\"lazy\" decoding=\"async\" src=\"http:\/\/armstrongyregion.com.ar\/diario\/wp-content\/uploads\/2015\/05\/Del-Sel-093-300x200.jpg\" alt=\"Del Sel en Armstrong\" width=\"300\" height=\"200\" class=\"alignnone size-medium wp-image-2168\" srcset=\"https:\/\/armstrongyregion.com.ar\/diario\/wp-content\/uploads\/2015\/05\/Del-Sel-093-300x200.jpg 300w, https:\/\/armstrongyregion.com.ar\/diario\/wp-content\/uploads\/2015\/05\/Del-Sel-093.jpg 768w\" sizes=\"auto, (max-width: 300px) 100vw, 300px\" \/><\/a>En la tarde-noche del d\u00eda mi\u00e9rcoles 13 de mayo, Miguel Torres Del Sel estuvo en contacto con medios locales en la oficina del Pro y luego se dirigi\u00f3 a una cena organizada en el centro AVE con m\u00e1s de cien personas quienes  le brindaron una c\u00e1lida bienvenida.<br \/>\nEn contacto con nuestro medio, nos dec\u00eda, \u00a8Todos los d\u00edas hacemos 8 o 10 localidades por d\u00eda, a la gente le agradezco el cari\u00f1o y el afecto, yo quiero ser un Gobernador andariego, creo que hay que andar mucho, recorrer, estar en contacto con la gente. Yo no soy hip\u00f3crita, digo lo que siento, la gente, est\u00e1 cansada de la mentira, la excusa permanente, la falta de Obra P\u00fablica. Estamos rodeados de corrupci\u00f3n e inseguridad, tenemos que trabajar en esto, necesitamos una bota que salga a caminar el mundo, se viene el gran cambio conmigo en la provincia y Mauricio en la Naci\u00f3n\u00a8.<br \/>\nLuego de dialogar con la prensa Miguel Del Sel, se dirigi\u00f3 junto a Fernando Fischer candidato a Senador por el Dto. Belgrano y Jorge Balbi, Senador suplente, conocido referente del Pro en el departamento.<br \/>\nLuego se marcharon al local de Ave donde los esperaban allegados y simpatizantes.<\/p>\n","protected":false},"excerpt":{"rendered":"<p>En la tarde-noche del d\u00eda mi\u00e9rcoles 13 de mayo, Miguel Torres Del Sel estuvo en contacto con medios locales en la oficina del Pro y luego se dirigi\u00f3 a una cena organizada en el centro AVE con m\u00e1s de cien personas quienes le brindaron una c\u00e1lida bienvenida. En contacto con nuestro medio, nos dec\u00eda, \u00a8Todos <a href=\"https:\/\/armstrongyregion.com.ar\/diario\/armstrong-miguel-torres-del-sel-participo-de-una-cena-con-simpatizantes-del-pro\/\" title=\"Read more\" >&#8230;<\/a><\/p>\n","protected":false},"author":2,"featured_media":2168,"comment_status":"open","ping_status":"open","sticky":false,"template":"","format":"standard","meta":{"_jetpack_memberships_contains_paid_content":false,"footnotes":"","jetpack_publicize_message":"","jetpack_publicize_feature_enabled":true,"jetpack_social_post_already_shared":false,"jetpack_social_options":{"image_generator_settings":{"template":"highway","default_image_id":0,"enabled":false},"version":2}},"categories":[1,2,7],"tags":[20,1001,100,19,53,435,992,1017,973,1714,1713,103],"class_list":["post-2167","post","type-post","status-publish","format-standard","has-post-thumbnail","hentry","category-diario-armstrong","category-locales","category-politica","tag-armstrong","tag-cena","tag-con","tag-de","tag-del","tag-miguel","tag-participo","tag-pro","tag-sel","tag-simpatizantes","tag-torres","tag-una"],"jetpack_publicize_connections":[],"jetpack_featured_media_url":"https:\/\/armstrongyregion.com.ar\/diario\/wp-content\/uploads\/2015\/05\/Del-Sel-093.jpg","jetpack_shortlink":"https:\/\/wp.me\/p62QDO-yX","jetpack_sharing_enabled":true,"amp_enabled":true,"_links":{"self":[{"href":"https:\/\/armstrongyregion.com.ar\/diario\/wp-json\/wp\/v2\/posts\/2167","targetHints":{"allow":["GET"]}}],"collection":[{"href":"https:\/\/armstrongyregion.com.ar\/diario\/wp-json\/wp\/v2\/posts"}],"about":[{"href":"https:\/\/armstrongyregion.com.ar\/diario\/wp-json\/wp\/v2\/types\/post"}],"author":[{"embeddable":true,"href":"https:\/\/armstrongyregion.com.ar\/diario\/wp-json\/wp\/v2\/users\/2"}],"replies":[{"embeddable":true,"href":"https:\/\/armstrongyregion.com.ar\/diario\/wp-json\/wp\/v2\/comments?post=2167"}],"version-history":[{"count":0,"href":"https:\/\/armstrongyregion.com.ar\/diario\/wp-json\/wp\/v2\/posts\/2167\/revisions"}],"wp:featuredmedia":[{"embeddable":true,"href":"https:\/\/armstrongyregion.com.ar\/diario\/wp-json\/wp\/v2\/media\/2168"}],"wp:attachment":[{"href":"https:\/\/armstrongyregion.com.ar\/diario\/wp-json\/wp\/v2\/media?parent=2167"}],"wp:term":[{"taxonomy":"category","embeddable":true,"href":"https:\/\/armstrongyregion.com.ar\/diario\/wp-json\/wp\/v2\/categories?post=2167"},{"taxonomy":"post_tag","embeddable":true,"href":"https:\/\/armstrongyregion.com.ar\/diario\/wp-json\/wp\/v2\/tags?post=2167"}],"curies":[{"name":"wp","href":"https:\/\/api.w.org\/{rel}","templated":true}]}}