{"id":21667,"date":"2019-05-23T14:53:33","date_gmt":"2019-05-23T14:53:33","guid":{"rendered":"https:\/\/armstrongyregion.com.ar\/diario\/?p=21667"},"modified":"2019-05-23T14:53:33","modified_gmt":"2019-05-23T14:53:33","slug":"armstrong-sabores-y-colores-este-domingo-26","status":"publish","type":"post","link":"https:\/\/armstrongyregion.com.ar\/diario\/armstrong-sabores-y-colores-este-domingo-26\/","title":{"rendered":"Armstrong. Sabores y Colores\u2026 este domingo 26."},"content":{"rendered":"<p><a href=\"http:\/\/armstrongyregion.com.ar\/diario\/wp-content\/uploads\/2019\/05\/66dffc3f-8940-4492-8140-87c2f10ae952.jpg\"><img loading=\"lazy\" decoding=\"async\" class=\"alignnone size-full wp-image-21668\" src=\"http:\/\/armstrongyregion.com.ar\/diario\/wp-content\/uploads\/2019\/05\/66dffc3f-8940-4492-8140-87c2f10ae952.jpg\" alt=\"66dffc3f-8940-4492-8140-87c2f10ae952\" width=\"768\" height=\"577\" srcset=\"https:\/\/armstrongyregion.com.ar\/diario\/wp-content\/uploads\/2019\/05\/66dffc3f-8940-4492-8140-87c2f10ae952.jpg 768w, https:\/\/armstrongyregion.com.ar\/diario\/wp-content\/uploads\/2019\/05\/66dffc3f-8940-4492-8140-87c2f10ae952-300x225.jpg 300w\" sizes=\"auto, (max-width: 768px) 100vw, 768px\" \/><\/a>La Municipalidad de Armstrong invita a una nueva presentaci\u00f3n de la Feria Sabores y Colores Locales que se realizar\u00e1 este domingo 26 de mayo desde las 14 hs. en el parque recreativo Bracito Fuerte.<\/p>\n<p>Los emprendedores locales y de la regi\u00f3n los estar\u00e1n esperando para seguir festejando el cumplea\u00f1os de la Patria con elaboraciones tradicionales como pastelitos, empanadas y tortas fritas, entre otros, adem\u00e1s de la amplia variedad de creaciones artesanales con diversos materiales.<\/p>\n<p>Actuar\u00e1n el grupo de iniciaci\u00f3n a la danza y el grupo de j\u00f3venes del espacio Bemba Color\u00e1, y Mely Reynoso con una demostraci\u00f3n de folclore.<\/p>\n<p>Buffet con bebidas, agua caliente, sorteos, m\u00fasica. Sin dudas, es un paseo para toda la familia.<\/p>\n<p>Se suspende en caso de lluvia.<\/p>\n<p>&nbsp;<\/p>\n","protected":false},"excerpt":{"rendered":"<p>La Municipalidad de Armstrong invita a una nueva presentaci\u00f3n de la Feria Sabores y Colores Locales que se realizar\u00e1 este domingo 26 de mayo desde las 14 hs. en el parque recreativo Bracito Fuerte. Los emprendedores locales y de la regi\u00f3n los estar\u00e1n esperando para seguir festejando el cumplea\u00f1os de la Patria con elaboraciones tradicionales <a href=\"https:\/\/armstrongyregion.com.ar\/diario\/armstrong-sabores-y-colores-este-domingo-26\/\" title=\"Read more\" >&#8230;<\/a><\/p>\n","protected":false},"author":1,"featured_media":21668,"comment_status":"open","ping_status":"open","sticky":false,"template":"","format":"standard","meta":{"_jetpack_memberships_contains_paid_content":false,"footnotes":"","jetpack_publicize_message":"","jetpack_publicize_feature_enabled":true,"jetpack_social_post_already_shared":false,"jetpack_social_options":{"image_generator_settings":{"template":"highway","default_image_id":0,"enabled":false},"version":2}},"categories":[6,8,1,2],"tags":[],"class_list":["post-21667","post","type-post","status-publish","format-standard","has-post-thumbnail","hentry","category-cultura-entretenimiento","category-deliberando","category-diario-armstrong","category-locales"],"jetpack_publicize_connections":[],"jetpack_featured_media_url":"https:\/\/armstrongyregion.com.ar\/diario\/wp-content\/uploads\/2019\/05\/66dffc3f-8940-4492-8140-87c2f10ae952.jpg","jetpack_shortlink":"https:\/\/wp.me\/p62QDO-5Dt","jetpack_sharing_enabled":true,"amp_enabled":true,"_links":{"self":[{"href":"https:\/\/armstrongyregion.com.ar\/diario\/wp-json\/wp\/v2\/posts\/21667","targetHints":{"allow":["GET"]}}],"collection":[{"href":"https:\/\/armstrongyregion.com.ar\/diario\/wp-json\/wp\/v2\/posts"}],"about":[{"href":"https:\/\/armstrongyregion.com.ar\/diario\/wp-json\/wp\/v2\/types\/post"}],"author":[{"embeddable":true,"href":"https:\/\/armstrongyregion.com.ar\/diario\/wp-json\/wp\/v2\/users\/1"}],"replies":[{"embeddable":true,"href":"https:\/\/armstrongyregion.com.ar\/diario\/wp-json\/wp\/v2\/comments?post=21667"}],"version-history":[{"count":0,"href":"https:\/\/armstrongyregion.com.ar\/diario\/wp-json\/wp\/v2\/posts\/21667\/revisions"}],"wp:featuredmedia":[{"embeddable":true,"href":"https:\/\/armstrongyregion.com.ar\/diario\/wp-json\/wp\/v2\/media\/21668"}],"wp:attachment":[{"href":"https:\/\/armstrongyregion.com.ar\/diario\/wp-json\/wp\/v2\/media?parent=21667"}],"wp:term":[{"taxonomy":"category","embeddable":true,"href":"https:\/\/armstrongyregion.com.ar\/diario\/wp-json\/wp\/v2\/categories?post=21667"},{"taxonomy":"post_tag","embeddable":true,"href":"https:\/\/armstrongyregion.com.ar\/diario\/wp-json\/wp\/v2\/tags?post=21667"}],"curies":[{"name":"wp","href":"https:\/\/api.w.org\/{rel}","templated":true}]}}