{"id":21657,"date":"2019-05-23T13:05:31","date_gmt":"2019-05-23T13:05:31","guid":{"rendered":"https:\/\/armstrongyregion.com.ar\/diario\/?p=21657"},"modified":"2019-05-23T13:05:31","modified_gmt":"2019-05-23T13:05:31","slug":"el-25-de-mayo-se-celebra-con-una-nueva-edicion-de-patio-mio","status":"publish","type":"post","link":"https:\/\/armstrongyregion.com.ar\/diario\/el-25-de-mayo-se-celebra-con-una-nueva-edicion-de-patio-mio\/","title":{"rendered":"El 25 de Mayo se celebra con una nueva edici\u00f3n de Patio Mio."},"content":{"rendered":"<div id=\"attachment_21658\" style=\"width: 610px\" class=\"wp-caption alignnone\"><a href=\"http:\/\/armstrongyregion.com.ar\/diario\/wp-content\/uploads\/2019\/05\/Patio-Mio-Patrio-2-02.jpg\"><img loading=\"lazy\" decoding=\"async\" aria-describedby=\"caption-attachment-21658\" class=\"size-full wp-image-21658\" src=\"http:\/\/armstrongyregion.com.ar\/diario\/wp-content\/uploads\/2019\/05\/Patio-Mio-Patrio-2-02.jpg\" alt=\"Patio Mio Patrio\" width=\"600\" height=\"600\" srcset=\"https:\/\/armstrongyregion.com.ar\/diario\/wp-content\/uploads\/2019\/05\/Patio-Mio-Patrio-2-02.jpg 600w, https:\/\/armstrongyregion.com.ar\/diario\/wp-content\/uploads\/2019\/05\/Patio-Mio-Patrio-2-02-150x150.jpg 150w, https:\/\/armstrongyregion.com.ar\/diario\/wp-content\/uploads\/2019\/05\/Patio-Mio-Patrio-2-02-300x300.jpg 300w, https:\/\/armstrongyregion.com.ar\/diario\/wp-content\/uploads\/2019\/05\/Patio-Mio-Patrio-2-02-144x144.jpg 144w\" sizes=\"auto, (max-width: 600px) 100vw, 600px\" \/><\/a><p id=\"caption-attachment-21658\" class=\"wp-caption-text\">Patio Mio Patrio<\/p><\/div>\n<p style=\"font-weight: 400;\">La Comuna de Correa pone en marcha esta propuesta gastron\u00f3mica y cultural que convoca a numerosas a instituciones de la localidad, esta\u00a0 nueva edici\u00f3n tendr\u00e1 lugar el pr\u00f3ximo 25 de mayo en el Polideportivo Comunal.<\/p>\n<p style=\"font-weight: 400;\">El \u201cPatio Mio Patrio\u201d comenzar\u00e1 sobre el mediod\u00eda con comidas criollas, locro, empanadas y asado, para continuar sobre la tarde con numerosas propuestas art\u00edsticas con protagonistas locales y regionales y feria de emprendedores.<\/p>\n<p style=\"font-weight: 400;\">En tanto, el acto conmemorativo por el 209 aniversario de la Revoluci\u00f3n de Mayo ser\u00e1 a partir de las 10 hs. en el Polideportivo con la presencia de representantes de instituciones locales.<\/p>\n","protected":false},"excerpt":{"rendered":"<p>La Comuna de Correa pone en marcha esta propuesta gastron\u00f3mica y cultural que convoca a numerosas a instituciones de la localidad, esta\u00a0 nueva edici\u00f3n tendr\u00e1 lugar el pr\u00f3ximo 25 de mayo en el Polideportivo Comunal. El \u201cPatio Mio Patrio\u201d comenzar\u00e1 sobre el mediod\u00eda con comidas criollas, locro, empanadas y asado, para continuar sobre la tarde <a href=\"https:\/\/armstrongyregion.com.ar\/diario\/el-25-de-mayo-se-celebra-con-una-nueva-edicion-de-patio-mio\/\" title=\"Read more\" >&#8230;<\/a><\/p>\n","protected":false},"author":1,"featured_media":21658,"comment_status":"open","ping_status":"open","sticky":false,"template":"","format":"standard","meta":{"_jetpack_memberships_contains_paid_content":false,"footnotes":"","jetpack_publicize_message":"","jetpack_publicize_feature_enabled":true,"jetpack_social_post_already_shared":false,"jetpack_social_options":{"image_generator_settings":{"template":"highway","default_image_id":0,"enabled":false},"version":2}},"categories":[6,8,1,3],"tags":[7931],"class_list":["post-21657","post","type-post","status-publish","format-standard","has-post-thumbnail","hentry","category-cultura-entretenimiento","category-deliberando","category-diario-armstrong","category-region","tag-el-25-de-mayo-se-celebra-con-una-nueva-edicion-de-patio-mio"],"jetpack_publicize_connections":[],"jetpack_featured_media_url":"https:\/\/armstrongyregion.com.ar\/diario\/wp-content\/uploads\/2019\/05\/Patio-Mio-Patrio-2-02.jpg","jetpack_shortlink":"https:\/\/wp.me\/p62QDO-5Dj","jetpack_sharing_enabled":true,"amp_enabled":true,"_links":{"self":[{"href":"https:\/\/armstrongyregion.com.ar\/diario\/wp-json\/wp\/v2\/posts\/21657","targetHints":{"allow":["GET"]}}],"collection":[{"href":"https:\/\/armstrongyregion.com.ar\/diario\/wp-json\/wp\/v2\/posts"}],"about":[{"href":"https:\/\/armstrongyregion.com.ar\/diario\/wp-json\/wp\/v2\/types\/post"}],"author":[{"embeddable":true,"href":"https:\/\/armstrongyregion.com.ar\/diario\/wp-json\/wp\/v2\/users\/1"}],"replies":[{"embeddable":true,"href":"https:\/\/armstrongyregion.com.ar\/diario\/wp-json\/wp\/v2\/comments?post=21657"}],"version-history":[{"count":0,"href":"https:\/\/armstrongyregion.com.ar\/diario\/wp-json\/wp\/v2\/posts\/21657\/revisions"}],"wp:featuredmedia":[{"embeddable":true,"href":"https:\/\/armstrongyregion.com.ar\/diario\/wp-json\/wp\/v2\/media\/21658"}],"wp:attachment":[{"href":"https:\/\/armstrongyregion.com.ar\/diario\/wp-json\/wp\/v2\/media?parent=21657"}],"wp:term":[{"taxonomy":"category","embeddable":true,"href":"https:\/\/armstrongyregion.com.ar\/diario\/wp-json\/wp\/v2\/categories?post=21657"},{"taxonomy":"post_tag","embeddable":true,"href":"https:\/\/armstrongyregion.com.ar\/diario\/wp-json\/wp\/v2\/tags?post=21657"}],"curies":[{"name":"wp","href":"https:\/\/api.w.org\/{rel}","templated":true}]}}