{"id":21648,"date":"2019-05-22T13:37:18","date_gmt":"2019-05-22T13:37:18","guid":{"rendered":"https:\/\/armstrongyregion.com.ar\/diario\/?p=21648"},"modified":"2019-05-22T13:37:18","modified_gmt":"2019-05-22T13:37:18","slug":"armstrong-foro-regionalizando-el-bien-comun","status":"publish","type":"post","link":"https:\/\/armstrongyregion.com.ar\/diario\/armstrong-foro-regionalizando-el-bien-comun\/","title":{"rendered":"Armstrong. Foro \u201cRegionalizando el bien com\u00fan\u201d."},"content":{"rendered":"<p><a href=\"http:\/\/armstrongyregion.com.ar\/diario\/wp-content\/uploads\/2019\/05\/FORO.jpg\"><img loading=\"lazy\" decoding=\"async\" class=\"alignnone size-full wp-image-21649\" src=\"http:\/\/armstrongyregion.com.ar\/diario\/wp-content\/uploads\/2019\/05\/FORO.jpg\" alt=\"FORO\" width=\"768\" height=\"412\" srcset=\"https:\/\/armstrongyregion.com.ar\/diario\/wp-content\/uploads\/2019\/05\/FORO.jpg 768w, https:\/\/armstrongyregion.com.ar\/diario\/wp-content\/uploads\/2019\/05\/FORO-300x161.jpg 300w\" sizes=\"auto, (max-width: 768px) 100vw, 768px\" \/><\/a>El martes 21 de mayo en el sal\u00f3n San Mart\u00edn de la Municipalidad de Armstrong se llev\u00f3 a cabo el 4\u00b0 \u00a0foro denominado \u201cRegionalizando el bien com\u00fan\u201d con el objetivo de acordar criterios para implementar a nivel regional en cuanto a consumos problem\u00e1ticos.<\/p>\n<p>Se extendieron invitaciones a todos los intendentes y Presidentes de comuna de la regi\u00f3n, y a sus equipos.<\/p>\n<p>Estuvieron presentes autoridades y representantes de las localidades de Armstrong, Carcara\u00f1\u00e1, Correa, Tortugas, adem\u00e1s de la asistente t\u00e9cnico profesional de la Agencia Provincial de Prevenci\u00f3n del Consumo de Drogas y Tratamiento Integral de las Adicciones (APRECOD) Srta. Laura Sartor, y el Sr. Germ\u00e1n Falo,\u00a0 Jefe del Programa provincial del Ministerio de Educaci\u00f3n Abre Vida-Lazos, el cual tiene como objetivo promover la prevenci\u00f3n y el abordaje integral de las problem\u00e1ticas de \u00a0violencias y consumo problem\u00e1tico de sustancias mediante el acompa\u00f1amiento en la construcci\u00f3n y refuerzo de los proyectos de vida.<\/p>\n<p>El pr\u00f3ximo encuentro se producir\u00e1 el d\u00eda 4 de julio en la localidad de Tortugas.<\/p>\n","protected":false},"excerpt":{"rendered":"<p>El martes 21 de mayo en el sal\u00f3n San Mart\u00edn de la Municipalidad de Armstrong se llev\u00f3 a cabo el 4\u00b0 \u00a0foro denominado \u201cRegionalizando el bien com\u00fan\u201d con el objetivo de acordar criterios para implementar a nivel regional en cuanto a consumos problem\u00e1ticos. Se extendieron invitaciones a todos los intendentes y Presidentes de comuna de <a href=\"https:\/\/armstrongyregion.com.ar\/diario\/armstrong-foro-regionalizando-el-bien-comun\/\" title=\"Read more\" >&#8230;<\/a><\/p>\n","protected":false},"author":1,"featured_media":21649,"comment_status":"open","ping_status":"open","sticky":false,"template":"","format":"standard","meta":{"_jetpack_memberships_contains_paid_content":false,"footnotes":"","jetpack_publicize_message":"","jetpack_publicize_feature_enabled":true,"jetpack_social_post_already_shared":false,"jetpack_social_options":{"image_generator_settings":{"template":"highway","default_image_id":0,"enabled":false},"version":2}},"categories":[8,1,2,7,3],"tags":[7928],"class_list":["post-21648","post","type-post","status-publish","format-standard","has-post-thumbnail","hentry","category-deliberando","category-diario-armstrong","category-locales","category-politica","category-region","tag-armstrong-foro-regionalizando-el-bien-comun"],"jetpack_publicize_connections":[],"jetpack_featured_media_url":"https:\/\/armstrongyregion.com.ar\/diario\/wp-content\/uploads\/2019\/05\/FORO.jpg","jetpack_shortlink":"https:\/\/wp.me\/p62QDO-5Da","jetpack_sharing_enabled":true,"amp_enabled":true,"_links":{"self":[{"href":"https:\/\/armstrongyregion.com.ar\/diario\/wp-json\/wp\/v2\/posts\/21648","targetHints":{"allow":["GET"]}}],"collection":[{"href":"https:\/\/armstrongyregion.com.ar\/diario\/wp-json\/wp\/v2\/posts"}],"about":[{"href":"https:\/\/armstrongyregion.com.ar\/diario\/wp-json\/wp\/v2\/types\/post"}],"author":[{"embeddable":true,"href":"https:\/\/armstrongyregion.com.ar\/diario\/wp-json\/wp\/v2\/users\/1"}],"replies":[{"embeddable":true,"href":"https:\/\/armstrongyregion.com.ar\/diario\/wp-json\/wp\/v2\/comments?post=21648"}],"version-history":[{"count":0,"href":"https:\/\/armstrongyregion.com.ar\/diario\/wp-json\/wp\/v2\/posts\/21648\/revisions"}],"wp:featuredmedia":[{"embeddable":true,"href":"https:\/\/armstrongyregion.com.ar\/diario\/wp-json\/wp\/v2\/media\/21649"}],"wp:attachment":[{"href":"https:\/\/armstrongyregion.com.ar\/diario\/wp-json\/wp\/v2\/media?parent=21648"}],"wp:term":[{"taxonomy":"category","embeddable":true,"href":"https:\/\/armstrongyregion.com.ar\/diario\/wp-json\/wp\/v2\/categories?post=21648"},{"taxonomy":"post_tag","embeddable":true,"href":"https:\/\/armstrongyregion.com.ar\/diario\/wp-json\/wp\/v2\/tags?post=21648"}],"curies":[{"name":"wp","href":"https:\/\/api.w.org\/{rel}","templated":true}]}}