{"id":21642,"date":"2019-05-20T19:44:24","date_gmt":"2019-05-20T19:44:24","guid":{"rendered":"https:\/\/armstrongyregion.com.ar\/diario\/?p=21642"},"modified":"2019-05-20T19:44:24","modified_gmt":"2019-05-20T19:44:24","slug":"las-parejas-el-jardin-123-adquirira-una-casa-lindera-para-su-ampliacion","status":"publish","type":"post","link":"https:\/\/armstrongyregion.com.ar\/diario\/las-parejas-el-jardin-123-adquirira-una-casa-lindera-para-su-ampliacion\/","title":{"rendered":"Las Parejas. El Jard\u00edn 123 adquirir\u00e1 una casa lindera para su ampliaci\u00f3n."},"content":{"rendered":"<p><em>\u00a0\u00a0\u00a0 <a href=\"http:\/\/armstrongyregion.com.ar\/diario\/wp-content\/uploads\/2019\/05\/nelso-1-.jpg\"><img loading=\"lazy\" decoding=\"async\" class=\"alignnone size-full wp-image-21643\" src=\"http:\/\/armstrongyregion.com.ar\/diario\/wp-content\/uploads\/2019\/05\/nelso-1-.jpg\" alt=\"nelso-1-\" width=\"768\" height=\"506\" srcset=\"https:\/\/armstrongyregion.com.ar\/diario\/wp-content\/uploads\/2019\/05\/nelso-1-.jpg 768w, https:\/\/armstrongyregion.com.ar\/diario\/wp-content\/uploads\/2019\/05\/nelso-1--300x198.jpg 300w\" sizes=\"auto, (max-width: 768px) 100vw, 768px\" \/><\/a><\/em>Luego de gestiones realizadas durante varios a\u00f1os, finalmente el Jard\u00edn de Infantes Nucleado \u201cEdgardo Blas Longo N\u00ba123\u201d de Las Parejas, podr\u00e1 adquirir una casa lindera\u201d.<\/p>\n<p>\u201c<em>El viernes nos informamos de esta noticia importante para \u00a0la comunidad educativa del JIN 123\u201d, <\/em>cont\u00f3 el Diputado provincial Miguel Sol\u00eds a Radio Las Parejas;<em> \u201cDesde el Gobierno de Miguel Lifschitz nos informaron de la compra de la casa lindera para poder ampliar las instalaciones\u201d, <\/em>coment\u00f3<em>; \u201cEs una noticia muy interesante y para destacar porque el gobierno de la provincia sigue apostando a la educaci\u00f3n\u201d, <\/em>a\u00f1adi\u00f3, remarcando que en su momento la compra no pudo ser<em> \u201cy ahora se puede gracias a la decisi\u00f3n pol\u00edtica del Gobernador<\/em>\u201d.<\/p>\n<p><a href=\"http:\/\/armstrongyregion.com.ar\/diario\/wp-content\/uploads\/2019\/05\/nelso-2-.jpg\"><img loading=\"lazy\" decoding=\"async\" class=\"alignnone size-full wp-image-21644\" src=\"http:\/\/armstrongyregion.com.ar\/diario\/wp-content\/uploads\/2019\/05\/nelso-2-.jpg\" alt=\"nelso-2-\" width=\"768\" height=\"576\" srcset=\"https:\/\/armstrongyregion.com.ar\/diario\/wp-content\/uploads\/2019\/05\/nelso-2-.jpg 768w, https:\/\/armstrongyregion.com.ar\/diario\/wp-content\/uploads\/2019\/05\/nelso-2--300x225.jpg 300w\" sizes=\"auto, (max-width: 768px) 100vw, 768px\" \/><\/a> Sol\u00eds anunci\u00f3 que \u201c<em>se trata de la casa que se encuentra ubicada sobre Avda. 13, entre calles 20 y 22 mano sur y que da a los fondos del Jard\u00edn<\/em>, dijo; \u201c<em>con esa compra se estar\u00eda habilitando el lugar para el \u00a0ingreso y a su vez, una salida ante cualquier inconveniente\u201d,<\/em> inform\u00f3; <em>\u201ces un avance important\u00edsimo para toda la comunidad; la Cooperadora trabaja con mucho esfuerzo y la noticia es muy buena\u201d,<\/em> sostuvo; <em>\u201cla inversi\u00f3n es de \u00a0un monto importante: m\u00e1s de 4 millones de pesos para la adquisici\u00f3n del inmueble\u201d<\/em>, agreg\u00f3.<\/p>\n<p>\u201c<em>Se est\u00e1 negociando hace tiempo con los herederos y est\u00e1 firme la decisi\u00f3n de comprar esa antigua propiedad para que el Jard\u00edn siga creciendo. Se suma tambi\u00e9n, un aporte importante por parte del sector empresarial\u201d,<\/em> indic\u00f3 el Diputado.<\/p>\n<p>\u201c<em>Las dimensiones son las apropiadas para darle m\u00e1s comodidad a los ni\u00f1os y docentes; cay\u00f3 muy bien esta decisi\u00f3n del Gobierno y sin dudas hay que celebrar esta noticia<\/em>\u201d, finaliz\u00f3.<\/p>\n","protected":false},"excerpt":{"rendered":"<p>\u00a0\u00a0\u00a0 Luego de gestiones realizadas durante varios a\u00f1os, finalmente el Jard\u00edn de Infantes Nucleado \u201cEdgardo Blas Longo N\u00ba123\u201d de Las Parejas, podr\u00e1 adquirir una casa lindera\u201d. \u201cEl viernes nos informamos de esta noticia importante para \u00a0la comunidad educativa del JIN 123\u201d, cont\u00f3 el Diputado provincial Miguel Sol\u00eds a Radio Las Parejas; \u201cDesde el Gobierno de <a href=\"https:\/\/armstrongyregion.com.ar\/diario\/las-parejas-el-jardin-123-adquirira-una-casa-lindera-para-su-ampliacion\/\" title=\"Read more\" >&#8230;<\/a><\/p>\n","protected":false},"author":1,"featured_media":21643,"comment_status":"open","ping_status":"open","sticky":false,"template":"","format":"standard","meta":{"_jetpack_memberships_contains_paid_content":false,"footnotes":"","jetpack_publicize_message":"","jetpack_publicize_feature_enabled":true,"jetpack_social_post_already_shared":false,"jetpack_social_options":{"image_generator_settings":{"template":"highway","default_image_id":0,"enabled":false},"version":2}},"categories":[6,8,1,7,3],"tags":[7926],"class_list":["post-21642","post","type-post","status-publish","format-standard","has-post-thumbnail","hentry","category-cultura-entretenimiento","category-deliberando","category-diario-armstrong","category-politica","category-region","tag-las-parejas-el-jardin-123-adquirira-una-casa-lindera-para-su-ampliacion"],"jetpack_publicize_connections":[],"jetpack_featured_media_url":"https:\/\/armstrongyregion.com.ar\/diario\/wp-content\/uploads\/2019\/05\/nelso-1-.jpg","jetpack_shortlink":"https:\/\/wp.me\/p62QDO-5D4","jetpack_sharing_enabled":true,"amp_enabled":true,"_links":{"self":[{"href":"https:\/\/armstrongyregion.com.ar\/diario\/wp-json\/wp\/v2\/posts\/21642","targetHints":{"allow":["GET"]}}],"collection":[{"href":"https:\/\/armstrongyregion.com.ar\/diario\/wp-json\/wp\/v2\/posts"}],"about":[{"href":"https:\/\/armstrongyregion.com.ar\/diario\/wp-json\/wp\/v2\/types\/post"}],"author":[{"embeddable":true,"href":"https:\/\/armstrongyregion.com.ar\/diario\/wp-json\/wp\/v2\/users\/1"}],"replies":[{"embeddable":true,"href":"https:\/\/armstrongyregion.com.ar\/diario\/wp-json\/wp\/v2\/comments?post=21642"}],"version-history":[{"count":0,"href":"https:\/\/armstrongyregion.com.ar\/diario\/wp-json\/wp\/v2\/posts\/21642\/revisions"}],"wp:featuredmedia":[{"embeddable":true,"href":"https:\/\/armstrongyregion.com.ar\/diario\/wp-json\/wp\/v2\/media\/21643"}],"wp:attachment":[{"href":"https:\/\/armstrongyregion.com.ar\/diario\/wp-json\/wp\/v2\/media?parent=21642"}],"wp:term":[{"taxonomy":"category","embeddable":true,"href":"https:\/\/armstrongyregion.com.ar\/diario\/wp-json\/wp\/v2\/categories?post=21642"},{"taxonomy":"post_tag","embeddable":true,"href":"https:\/\/armstrongyregion.com.ar\/diario\/wp-json\/wp\/v2\/tags?post=21642"}],"curies":[{"name":"wp","href":"https:\/\/api.w.org\/{rel}","templated":true}]}}