{"id":21620,"date":"2019-05-19T15:22:04","date_gmt":"2019-05-19T15:22:04","guid":{"rendered":"https:\/\/armstrongyregion.com.ar\/diario\/?p=21620"},"modified":"2019-05-19T15:22:04","modified_gmt":"2019-05-19T15:22:04","slug":"perotti-vamos-a-recuperar-la-provincia-para-que-nuestra-gente-recupere-seguridad-tranquilidad-empleo-y-dignidad","status":"publish","type":"post","link":"https:\/\/armstrongyregion.com.ar\/diario\/perotti-vamos-a-recuperar-la-provincia-para-que-nuestra-gente-recupere-seguridad-tranquilidad-empleo-y-dignidad\/","title":{"rendered":"Perotti: \u201cVamos a recuperar la provincia para que nuestra gente recupere seguridad, tranquilidad, empleo y dignidad\u201d"},"content":{"rendered":"<p style=\"font-weight: 400;\"><a href=\"http:\/\/armstrongyregion.com.ar\/diario\/wp-content\/uploads\/2019\/05\/Perotti-el-pozo.jpg\"><img loading=\"lazy\" decoding=\"async\" class=\"alignnone size-full wp-image-21621\" src=\"http:\/\/armstrongyregion.com.ar\/diario\/wp-content\/uploads\/2019\/05\/Perotti-el-pozo.jpg\" alt=\"Perotti el pozo\" width=\"768\" height=\"474\" srcset=\"https:\/\/armstrongyregion.com.ar\/diario\/wp-content\/uploads\/2019\/05\/Perotti-el-pozo.jpg 768w, https:\/\/armstrongyregion.com.ar\/diario\/wp-content\/uploads\/2019\/05\/Perotti-el-pozo-300x185.jpg 300w\" sizes=\"auto, (max-width: 768px) 100vw, 768px\" \/><\/a>Durante su visita a la ciudad de Santa Fe, Omar Perotti recorri\u00f3 el barrio El Pozo donde visit\u00f3 el centro de salud, la parroquia y charl\u00f3 con vecinos y comerciantes de la zona. \u201cNosotros vamos a recuperar la provincia para que nuestra gente recupere seguridad, recupere tranquilidad, recupere empleo, dignidad, esa es la recuperaci\u00f3n que vamos a hacer el 16 de junio\u201d afirm\u00f3 Perotti en la jornada.<\/p>\n<p style=\"font-weight: 400;\">\u00a0En un contacto con la prensa, el candidato a gobernador asegur\u00f3 que \u201cnuestros ejes tienen que ver con lo que la gente nos plante\u00f3 en cada uno de los lugares que recorrimos. Ninguna reuni\u00f3n empezaba si no se hablaba de seguridad o de la recuperaci\u00f3n del trabajo, cada uno de los santafesinos da cuenta de que perdi\u00f3 seguridad, por el crecimiento del delito, por el crecimiento del narcotr\u00e1fico, pero tambi\u00e9n perdi\u00f3 seguridad porque se deterior\u00f3 su econom\u00eda familiar, los aumentos de precios, los aumentos de la luz\u201d.<\/p>\n<p style=\"font-weight: 400;\">\u00a0Sobre el tema, Perotti enfatiz\u00f3 que \u201cclaramente el socialismo ha sido aqu\u00ed el mejor alumno de la pol\u00edtica nacional, trasladando las tarifas tal cual se han dado, sin resguardar ninguna de las instancias que hubiesen protegido a las familias, a los peque\u00f1os comerciantes, a las peque\u00f1as y medianas empresas\u201d.<\/p>\n<p style=\"font-weight: 400;\">\u00a0El rafaelino explic\u00f3 que durante las recorridas, los santafesinos les preguntan \u201cc\u00f3mo puede ser que en una provincia enorme, en una provincia gigante no tengamos m\u00e1s oportunidades, y de all\u00ed nosotros tomamos esto de que vamos a despertar al gigante, vamos a despertar a este gigante dormido que es Santa Fe\u201d.<\/p>\n<p style=\"font-weight: 400;\">\u00a0Por \u00faltimo, Perotti concluy\u00f3: \u201cTodos sentimos que tenemos una provincia que da para m\u00e1s, todos vemos en nuestros pueblos o nuestras ciudades que se podr\u00edan hacer muchas m\u00e1s cosas para que nuestra gente est\u00e9 mejor, eso es lo que vamos a despertar, y lo que hay que despertar son las energ\u00edas de cada uno, tenemos que movilizar las energ\u00edas de todos los santafesinos\u201d.<\/p>\n","protected":false},"excerpt":{"rendered":"<p>Durante su visita a la ciudad de Santa Fe, Omar Perotti recorri\u00f3 el barrio El Pozo donde visit\u00f3 el centro de salud, la parroquia y charl\u00f3 con vecinos y comerciantes de la zona. \u201cNosotros vamos a recuperar la provincia para que nuestra gente recupere seguridad, recupere tranquilidad, recupere empleo, dignidad, esa es la recuperaci\u00f3n que <a href=\"https:\/\/armstrongyregion.com.ar\/diario\/perotti-vamos-a-recuperar-la-provincia-para-que-nuestra-gente-recupere-seguridad-tranquilidad-empleo-y-dignidad\/\" title=\"Read more\" >&#8230;<\/a><\/p>\n","protected":false},"author":1,"featured_media":21621,"comment_status":"open","ping_status":"open","sticky":false,"template":"","format":"standard","meta":{"_jetpack_memberships_contains_paid_content":false,"footnotes":"","jetpack_publicize_message":"","jetpack_publicize_feature_enabled":true,"jetpack_social_post_already_shared":false,"jetpack_social_options":{"image_generator_settings":{"template":"highway","default_image_id":0,"enabled":false},"version":2}},"categories":[6,8,1,7,3],"tags":[7920,7919,4071],"class_list":["post-21620","post","type-post","status-publish","format-standard","has-post-thumbnail","hentry","category-cultura-entretenimiento","category-deliberando","category-diario-armstrong","category-politica","category-region","tag-empleo-y-dignidad","tag-perotti-vamos-a-recuperar-la-provincia-para-que-nuestra-gente-recupere-seguridad","tag-tranquilidad"],"jetpack_publicize_connections":[],"jetpack_featured_media_url":"https:\/\/armstrongyregion.com.ar\/diario\/wp-content\/uploads\/2019\/05\/Perotti-el-pozo.jpg","jetpack_shortlink":"https:\/\/wp.me\/p62QDO-5CI","jetpack_sharing_enabled":true,"amp_enabled":true,"_links":{"self":[{"href":"https:\/\/armstrongyregion.com.ar\/diario\/wp-json\/wp\/v2\/posts\/21620","targetHints":{"allow":["GET"]}}],"collection":[{"href":"https:\/\/armstrongyregion.com.ar\/diario\/wp-json\/wp\/v2\/posts"}],"about":[{"href":"https:\/\/armstrongyregion.com.ar\/diario\/wp-json\/wp\/v2\/types\/post"}],"author":[{"embeddable":true,"href":"https:\/\/armstrongyregion.com.ar\/diario\/wp-json\/wp\/v2\/users\/1"}],"replies":[{"embeddable":true,"href":"https:\/\/armstrongyregion.com.ar\/diario\/wp-json\/wp\/v2\/comments?post=21620"}],"version-history":[{"count":0,"href":"https:\/\/armstrongyregion.com.ar\/diario\/wp-json\/wp\/v2\/posts\/21620\/revisions"}],"wp:featuredmedia":[{"embeddable":true,"href":"https:\/\/armstrongyregion.com.ar\/diario\/wp-json\/wp\/v2\/media\/21621"}],"wp:attachment":[{"href":"https:\/\/armstrongyregion.com.ar\/diario\/wp-json\/wp\/v2\/media?parent=21620"}],"wp:term":[{"taxonomy":"category","embeddable":true,"href":"https:\/\/armstrongyregion.com.ar\/diario\/wp-json\/wp\/v2\/categories?post=21620"},{"taxonomy":"post_tag","embeddable":true,"href":"https:\/\/armstrongyregion.com.ar\/diario\/wp-json\/wp\/v2\/tags?post=21620"}],"curies":[{"name":"wp","href":"https:\/\/api.w.org\/{rel}","templated":true}]}}