{"id":21505,"date":"2019-05-10T19:43:37","date_gmt":"2019-05-10T19:43:37","guid":{"rendered":"https:\/\/armstrongyregion.com.ar\/diario\/?p=21505"},"modified":"2019-05-10T19:43:37","modified_gmt":"2019-05-10T19:43:37","slug":"concurso-literario-sobre-ana-frank-busca-tres-premiados-de-iriondo","status":"publish","type":"post","link":"https:\/\/armstrongyregion.com.ar\/diario\/concurso-literario-sobre-ana-frank-busca-tres-premiados-de-iriondo\/","title":{"rendered":"Concurso literario sobre Ana Frank busca tres premiados de Iriondo."},"content":{"rendered":"<p><a href=\"http:\/\/armstrongyregion.com.ar\/diario\/wp-content\/uploads\/2019\/05\/ana-frank-mayo.jpg\"><img loading=\"lazy\" decoding=\"async\" class=\"alignnone size-full wp-image-21506\" src=\"http:\/\/armstrongyregion.com.ar\/diario\/wp-content\/uploads\/2019\/05\/ana-frank-mayo.jpg\" alt=\"ana-frank-mayo\" width=\"768\" height=\"484\" srcset=\"https:\/\/armstrongyregion.com.ar\/diario\/wp-content\/uploads\/2019\/05\/ana-frank-mayo.jpg 768w, https:\/\/armstrongyregion.com.ar\/diario\/wp-content\/uploads\/2019\/05\/ana-frank-mayo-300x189.jpg 300w\" sizes=\"auto, (max-width: 768px) 100vw, 768px\" \/><\/a>Desde el a\u00f1o 2013, Hugo Jes\u00fas Rasetto junto a la Casa del Senado del Departamento Iriondo, realiza diferentes proyectos en conjunto con la Casa de Ana Frank Argentina, situada en Buenos Aires. La Casa de Ana Frank es una organizaci\u00f3n independiente encargada de preservar la Casa de Atr\u00e1s, el lugar donde Ana Frank estuvo escondida durante la Segunda Guerra Mundial y donde escribi\u00f3 su diario. El recuerdo de Ana Frank intenta ser una fuente de inspiraci\u00f3n para motivar a todas las personas a reflexionar sobre los peligros del antisemitismo, el racismo y la discriminaci\u00f3n, as\u00ed como la importancia de la libertad, la igualdad de derechos y la democracia.<\/p>\n<p>&nbsp;<\/p>\n<p>Se encuentra abierta la recepci\u00f3n de los trabajos para el Concurso Literario en nuestro Departamento, \u201cDe Ana Frank a nuestros d\u00edas\u201d organizado desde Buenos Aires. Al igual que el a\u00f1o pasado, se premiar\u00e1 en este caso a tres personas, dos j\u00f3venes y un docente de nuestro departamento a trav\u00e9s de nuestro propio concurso.<\/p>\n<p>&nbsp;<\/p>\n<p>A diferencia de los dos cert\u00e1menes anteriores, esta vez la propuesta consiste en escribir un<\/p>\n<p>ENSAYO. Un ensayo es un texto breve en el cual se expone, analiza o comenta una<\/p>\n<p>interpretaci\u00f3n personal sobre un tema determinado. Los ensayos finalistas, seleccionados<\/p>\n<p>por el jurado, ser\u00e1n presentados en un coloquio, a partir del cual se definir\u00e1n los 3<\/p>\n<p>ganadores del Departamento Iriondo, que viajar\u00e1n a Holanda dentro del programa<\/p>\n<p>\u201c\u00c1msterdam desde la mirada de Ana Frank\u201d<\/p>\n<p>&nbsp;<\/p>\n<p>Los j\u00f3venes, embajadores y gu\u00edas del Centro Ana Frank y docentes, que puedan acreditar<\/p>\n<p>su residencia en el Departamento Iriondo, competir\u00e1n en tres categor\u00edas diferenciadas:<\/p>\n<p>&#8211; Categor\u00eda A: J\u00f3venes entre 13 a\u00f1os (cumplidos al 31 de diciembre de 2019) y 16<\/p>\n<p>a\u00f1os (cumplidos al 31 de diciembre de 2019)<\/p>\n<p>&#8211; Categor\u00eda B: J\u00f3venes entre 17 a\u00f1os (cumplidos al 31 de diciembre de 2019) y 20<\/p>\n<p>a\u00f1os (cumplidos al 31 de diciembre de 2019)<\/p>\n<p>&#8211; Categor\u00eda C: Educadores de todos los niveles, gu\u00edas y embajadores del Centro Ana<\/p>\n<p>Frank (que tengan m\u00e1s de 20 a\u00f1os)<\/p>\n<p>&nbsp;<\/p>\n<p>La fecha de cierre del certamen y presentaci\u00f3n de trabajos: lunes 20 de mayo<\/p>\n<p>&nbsp;<\/p>\n<p>Las bases del concurso y la manera de enviar los trabajos se pueden encontrar en:<\/p>\n<p>http:\/\/www.hugorasetto.com.ar\/ \u00a0o en su fan page de Facebook.<\/p>\n","protected":false},"excerpt":{"rendered":"<p>Desde el a\u00f1o 2013, Hugo Jes\u00fas Rasetto junto a la Casa del Senado del Departamento Iriondo, realiza diferentes proyectos en conjunto con la Casa de Ana Frank Argentina, situada en Buenos Aires. La Casa de Ana Frank es una organizaci\u00f3n independiente encargada de preservar la Casa de Atr\u00e1s, el lugar donde Ana Frank estuvo escondida <a href=\"https:\/\/armstrongyregion.com.ar\/diario\/concurso-literario-sobre-ana-frank-busca-tres-premiados-de-iriondo\/\" title=\"Read more\" >&#8230;<\/a><\/p>\n","protected":false},"author":1,"featured_media":21506,"comment_status":"open","ping_status":"open","sticky":false,"template":"","format":"standard","meta":{"_jetpack_memberships_contains_paid_content":false,"footnotes":"","jetpack_publicize_message":"","jetpack_publicize_feature_enabled":true,"jetpack_social_post_already_shared":false,"jetpack_social_options":{"image_generator_settings":{"template":"highway","default_image_id":0,"enabled":false},"version":2}},"categories":[6,1,2,7,3],"tags":[7882],"class_list":["post-21505","post","type-post","status-publish","format-standard","has-post-thumbnail","hentry","category-cultura-entretenimiento","category-diario-armstrong","category-locales","category-politica","category-region","tag-concurso-literario-sobre-ana-frank-busca-tres-premiados-de-iriondo"],"jetpack_publicize_connections":[],"jetpack_featured_media_url":"https:\/\/armstrongyregion.com.ar\/diario\/wp-content\/uploads\/2019\/05\/ana-frank-mayo.jpg","jetpack_shortlink":"https:\/\/wp.me\/p62QDO-5AR","jetpack_sharing_enabled":true,"amp_enabled":true,"_links":{"self":[{"href":"https:\/\/armstrongyregion.com.ar\/diario\/wp-json\/wp\/v2\/posts\/21505","targetHints":{"allow":["GET"]}}],"collection":[{"href":"https:\/\/armstrongyregion.com.ar\/diario\/wp-json\/wp\/v2\/posts"}],"about":[{"href":"https:\/\/armstrongyregion.com.ar\/diario\/wp-json\/wp\/v2\/types\/post"}],"author":[{"embeddable":true,"href":"https:\/\/armstrongyregion.com.ar\/diario\/wp-json\/wp\/v2\/users\/1"}],"replies":[{"embeddable":true,"href":"https:\/\/armstrongyregion.com.ar\/diario\/wp-json\/wp\/v2\/comments?post=21505"}],"version-history":[{"count":0,"href":"https:\/\/armstrongyregion.com.ar\/diario\/wp-json\/wp\/v2\/posts\/21505\/revisions"}],"wp:featuredmedia":[{"embeddable":true,"href":"https:\/\/armstrongyregion.com.ar\/diario\/wp-json\/wp\/v2\/media\/21506"}],"wp:attachment":[{"href":"https:\/\/armstrongyregion.com.ar\/diario\/wp-json\/wp\/v2\/media?parent=21505"}],"wp:term":[{"taxonomy":"category","embeddable":true,"href":"https:\/\/armstrongyregion.com.ar\/diario\/wp-json\/wp\/v2\/categories?post=21505"},{"taxonomy":"post_tag","embeddable":true,"href":"https:\/\/armstrongyregion.com.ar\/diario\/wp-json\/wp\/v2\/tags?post=21505"}],"curies":[{"name":"wp","href":"https:\/\/api.w.org\/{rel}","templated":true}]}}