{"id":215,"date":"2014-12-30T17:26:17","date_gmt":"2014-12-30T17:26:17","guid":{"rendered":"https:\/\/armstrongyregion.com.ar\/diario\/?p=215"},"modified":"2014-12-30T17:26:17","modified_gmt":"2014-12-30T17:26:17","slug":"deliberando-experiencia-de-20-anos-de-legislador-y-la-intencion-de-un-nuevo-espacio-politico-de-unidad","status":"publish","type":"post","link":"https:\/\/armstrongyregion.com.ar\/diario\/deliberando-experiencia-de-20-anos-de-legislador-y-la-intencion-de-un-nuevo-espacio-politico-de-unidad\/","title":{"rendered":"DELIBERANDO, experiencia de 20 a\u00f1os de legislador y la intenci\u00f3n de un nuevo espacio pol\u00edtico de unidad."},"content":{"rendered":"<p><a href=\"http:\/\/armstrongyregion.com.ar\/diario\/wp-content\/uploads\/2014\/12\/Emiliano-Gramigna.jpg\"><img loading=\"lazy\" decoding=\"async\" class=\"alignnone size-medium wp-image-216\" src=\"http:\/\/armstrongyregion.com.ar\/diario\/wp-content\/uploads\/2014\/12\/Emiliano-Gramigna-300x200.jpg\" alt=\"Emiliano Gramigna\" width=\"300\" height=\"200\" srcset=\"https:\/\/armstrongyregion.com.ar\/diario\/wp-content\/uploads\/2014\/12\/Emiliano-Gramigna-300x200.jpg 300w, https:\/\/armstrongyregion.com.ar\/diario\/wp-content\/uploads\/2014\/12\/Emiliano-Gramigna.jpg 450w\" sizes=\"auto, (max-width: 300px) 100vw, 300px\" \/><\/a>Alberto Crossetti, lleva una larga carrera en la funci\u00f3n legislativa representando al departamento Belgrano. Cumpli\u00f3 con un proyecto trazado para este a\u00f1o y respald\u00f3 con aportes y gestiones a entidades del departamento y a personas con necesidades b\u00e1sicas insatisfechas.<br \/>\nEl justicialismo de Armstrong busca la unidad y cre\u00f3 un espacio denominado \u201cJunto Podemos\u201d, una de las caras nuevas de este sector es Emiliano Gramigna quien desgrana lo realizado desde la creaci\u00f3n y los objetivos que se van trazando de cara a la recuperaci\u00f3n del gobierno municipal de la ciudad.<br \/>\nTodo este martes en DELIBERANDO, con la conducci\u00f3n de la licenciada Graciela De la Casa y Oscar Crispino.<br \/>\nTodo este martes en DELIBERANDO, con la conducci\u00f3n de la Lic. Graciela De la Casa y Oscar Crispino.<br \/>\nMartes 21hs. Cable Imagen Armstrong.<br \/>\nJueves 12hs Tortugas. Jueves 22hs Cablevisi\u00f3n Ca\u00f1ada de G\u00f3mez. Villa Elo\u00edsa, Bustinza. Las Rosas Cablevisi\u00f3n 21hs.<br \/>\nLunes 21hs Las Parejas, Correa, Carcara\u00f1\u00e1.<br \/>\nLunes 22hs. Las Rosas.<\/p>\n","protected":false},"excerpt":{"rendered":"<p>Alberto Crossetti, lleva una larga carrera en la funci\u00f3n legislativa representando al departamento Belgrano. Cumpli\u00f3 con un proyecto trazado para este a\u00f1o y respald\u00f3 con aportes y gestiones a entidades del departamento y a personas con necesidades b\u00e1sicas insatisfechas. El justicialismo de Armstrong busca la unidad y cre\u00f3 un espacio denominado \u201cJunto Podemos\u201d, una de <a href=\"https:\/\/armstrongyregion.com.ar\/diario\/deliberando-experiencia-de-20-anos-de-legislador-y-la-intencion-de-un-nuevo-espacio-politico-de-unidad\/\" title=\"Read more\" >&#8230;<\/a><\/p>\n","protected":false},"author":2,"featured_media":216,"comment_status":"open","ping_status":"open","sticky":false,"template":"","format":"standard","meta":{"_jetpack_memberships_contains_paid_content":false,"footnotes":"","jetpack_publicize_message":"","jetpack_publicize_feature_enabled":true,"jetpack_social_post_already_shared":false,"jetpack_social_options":{"image_generator_settings":{"template":"highway","default_image_id":0,"enabled":false},"version":2}},"categories":[8,1],"tags":[196,197,19,44,200,195,199,31,198,51,201,192,202,13],"class_list":["post-215","post","type-post","status-publish","format-standard","has-post-thumbnail","hentry","category-deliberando","category-diario-armstrong","tag-196","tag-anos","tag-de","tag-deliberando-2","tag-espacio","tag-experiencia","tag-intencion","tag-la","tag-legislador","tag-nuevo","tag-politico","tag-un","tag-unidad","tag-y"],"jetpack_publicize_connections":[],"jetpack_featured_media_url":"https:\/\/armstrongyregion.com.ar\/diario\/wp-content\/uploads\/2014\/12\/Emiliano-Gramigna.jpg","jetpack_shortlink":"https:\/\/wp.me\/p62QDO-3t","jetpack_sharing_enabled":true,"amp_enabled":true,"_links":{"self":[{"href":"https:\/\/armstrongyregion.com.ar\/diario\/wp-json\/wp\/v2\/posts\/215","targetHints":{"allow":["GET"]}}],"collection":[{"href":"https:\/\/armstrongyregion.com.ar\/diario\/wp-json\/wp\/v2\/posts"}],"about":[{"href":"https:\/\/armstrongyregion.com.ar\/diario\/wp-json\/wp\/v2\/types\/post"}],"author":[{"embeddable":true,"href":"https:\/\/armstrongyregion.com.ar\/diario\/wp-json\/wp\/v2\/users\/2"}],"replies":[{"embeddable":true,"href":"https:\/\/armstrongyregion.com.ar\/diario\/wp-json\/wp\/v2\/comments?post=215"}],"version-history":[{"count":0,"href":"https:\/\/armstrongyregion.com.ar\/diario\/wp-json\/wp\/v2\/posts\/215\/revisions"}],"wp:featuredmedia":[{"embeddable":true,"href":"https:\/\/armstrongyregion.com.ar\/diario\/wp-json\/wp\/v2\/media\/216"}],"wp:attachment":[{"href":"https:\/\/armstrongyregion.com.ar\/diario\/wp-json\/wp\/v2\/media?parent=215"}],"wp:term":[{"taxonomy":"category","embeddable":true,"href":"https:\/\/armstrongyregion.com.ar\/diario\/wp-json\/wp\/v2\/categories?post=215"},{"taxonomy":"post_tag","embeddable":true,"href":"https:\/\/armstrongyregion.com.ar\/diario\/wp-json\/wp\/v2\/tags?post=215"}],"curies":[{"name":"wp","href":"https:\/\/api.w.org\/{rel}","templated":true}]}}