{"id":21492,"date":"2019-05-09T10:58:23","date_gmt":"2019-05-09T10:58:23","guid":{"rendered":"https:\/\/armstrongyregion.com.ar\/diario\/?p=21492"},"modified":"2019-05-09T10:58:23","modified_gmt":"2019-05-09T10:58:23","slug":"giaccone-juntos-en-cada-rincon-de-santa-fe-levantando-las-banderas-de-evita","status":"publish","type":"post","link":"https:\/\/armstrongyregion.com.ar\/diario\/giaccone-juntos-en-cada-rincon-de-santa-fe-levantando-las-banderas-de-evita\/","title":{"rendered":"Giaccone: \u201cJuntos en cada rinc\u00f3n de Santa Fe, levantando las banderas de Evita\u201d."},"content":{"rendered":"<p><a href=\"http:\/\/armstrongyregion.com.ar\/diario\/wp-content\/uploads\/2019\/05\/Giaccone-Compagnucci-.jpeg\"><img loading=\"lazy\" decoding=\"async\" class=\"alignnone size-full wp-image-21493\" src=\"http:\/\/armstrongyregion.com.ar\/diario\/wp-content\/uploads\/2019\/05\/Giaccone-Compagnucci-.jpeg\" alt=\"Giaccone-Compagnucci-\" width=\"768\" height=\"536\" srcset=\"https:\/\/armstrongyregion.com.ar\/diario\/wp-content\/uploads\/2019\/05\/Giaccone-Compagnucci-.jpeg 768w, https:\/\/armstrongyregion.com.ar\/diario\/wp-content\/uploads\/2019\/05\/Giaccone-Compagnucci--300x209.jpeg 300w\" sizes=\"auto, (max-width: 768px) 100vw, 768px\" \/><\/a>La diputada provincial Claudia Giaccone asisti\u00f3 en Las Parejas, a un encuentro que se realiz\u00f3 en la Unidad B\u00e1sica Heraldo \u201cBocha\u201d Mansilla.<\/p>\n<p>El martes 7 de mayo, la diputada provincial Claudia Giaccone asisti\u00f3 en Las Parejas, a un encuentro que se realiz\u00f3 en la Unidad B\u00e1sica Heraldo \u201cBocha\u201d Mansilla para conmemorar el 100\u00b0 Aniversario del Natalicio de Eva Duarte de Per\u00f3n.<\/p>\n<p>Estuvieron presentes el Intendente Municipal Horacio Compagnucci -qui\u00e9n ir\u00e1 por su reelecci\u00f3n el pr\u00f3ximo 16 de junio-, la edil Cintia Marconatto \u2013ganadora de las PASO del frente\u00a0<strong>Juntos<\/strong>\u00a0para candidatos a concejal-, miembros del gabinete, referentes locales del justicialismo e importante cantidad de militantes parejenses.<\/p>\n<p>La ocasi\u00f3n tambi\u00e9n fue propicia para agasajar a todas las personas que pusieron su voluntad y esfuerzo en las recientes elecciones primarias del 28 de abril, donde los vecinos de Las Parejas dieron un claro triunfo para el frente que integra el Partido Justicialista.<\/p>\n<p><em>\u201cJuntos somos la esperanza para Santa Fe\u201d,<\/em>\u00a0destac\u00f3 Claudia Giaccone, agregando\u00a0 que \u201c<em>el resultado de las Elecciones Primarias muestra que con Omar Perotti para Gobernador, el peronismo est\u00e1 ante una oportunidad clara para ser gobierno en nuestra provincia, y llevar a los hechos su historia de decisiones pol\u00edticas vinculadas a la producci\u00f3n, a la generaci\u00f3n de riqueza, a la creaci\u00f3n de trabajo, a la justicia social\u201d.<\/em><\/p>\n<p><em>\u201cNuestras listas, en cada comunidad y en la provincia, tienen legitimidad dada por el voto popular, diversidad en la integraci\u00f3n, y en el caso de Diputados tambi\u00e9n territorialidad\u201d,<\/em>\u00a0expres\u00f3.<\/p>\n<p>En la oportunidad se present\u00f3 la lista \u201cJuntos\u201d de Concejales para Las Parejas, que ser\u00e1 integrada como titulares por Cintia Marconatto, Mar\u00eda Vanesa Ortman y Mauro Alesandrelli.<\/p>\n","protected":false},"excerpt":{"rendered":"<p>La diputada provincial Claudia Giaccone asisti\u00f3 en Las Parejas, a un encuentro que se realiz\u00f3 en la Unidad B\u00e1sica Heraldo \u201cBocha\u201d Mansilla. El martes 7 de mayo, la diputada provincial Claudia Giaccone asisti\u00f3 en Las Parejas, a un encuentro que se realiz\u00f3 en la Unidad B\u00e1sica Heraldo \u201cBocha\u201d Mansilla para conmemorar el 100\u00b0 Aniversario del <a href=\"https:\/\/armstrongyregion.com.ar\/diario\/giaccone-juntos-en-cada-rincon-de-santa-fe-levantando-las-banderas-de-evita\/\" title=\"Read more\" >&#8230;<\/a><\/p>\n","protected":false},"author":1,"featured_media":21493,"comment_status":"open","ping_status":"open","sticky":false,"template":"","format":"standard","meta":{"_jetpack_memberships_contains_paid_content":false,"footnotes":"","jetpack_publicize_message":"","jetpack_publicize_feature_enabled":true,"jetpack_social_post_already_shared":false,"jetpack_social_options":{"image_generator_settings":{"template":"highway","default_image_id":0,"enabled":false},"version":2}},"categories":[8,1,7,3],"tags":[7877,7878],"class_list":["post-21492","post","type-post","status-publish","format-standard","has-post-thumbnail","hentry","category-deliberando","category-diario-armstrong","category-politica","category-region","tag-giaccone-juntos-en-cada-rincon-de-santa-fe","tag-levantando-las-banderas-de-evita"],"jetpack_publicize_connections":[],"jetpack_featured_media_url":"https:\/\/armstrongyregion.com.ar\/diario\/wp-content\/uploads\/2019\/05\/Giaccone-Compagnucci-.jpeg","jetpack_shortlink":"https:\/\/wp.me\/p62QDO-5AE","jetpack_sharing_enabled":true,"amp_enabled":true,"_links":{"self":[{"href":"https:\/\/armstrongyregion.com.ar\/diario\/wp-json\/wp\/v2\/posts\/21492","targetHints":{"allow":["GET"]}}],"collection":[{"href":"https:\/\/armstrongyregion.com.ar\/diario\/wp-json\/wp\/v2\/posts"}],"about":[{"href":"https:\/\/armstrongyregion.com.ar\/diario\/wp-json\/wp\/v2\/types\/post"}],"author":[{"embeddable":true,"href":"https:\/\/armstrongyregion.com.ar\/diario\/wp-json\/wp\/v2\/users\/1"}],"replies":[{"embeddable":true,"href":"https:\/\/armstrongyregion.com.ar\/diario\/wp-json\/wp\/v2\/comments?post=21492"}],"version-history":[{"count":0,"href":"https:\/\/armstrongyregion.com.ar\/diario\/wp-json\/wp\/v2\/posts\/21492\/revisions"}],"wp:featuredmedia":[{"embeddable":true,"href":"https:\/\/armstrongyregion.com.ar\/diario\/wp-json\/wp\/v2\/media\/21493"}],"wp:attachment":[{"href":"https:\/\/armstrongyregion.com.ar\/diario\/wp-json\/wp\/v2\/media?parent=21492"}],"wp:term":[{"taxonomy":"category","embeddable":true,"href":"https:\/\/armstrongyregion.com.ar\/diario\/wp-json\/wp\/v2\/categories?post=21492"},{"taxonomy":"post_tag","embeddable":true,"href":"https:\/\/armstrongyregion.com.ar\/diario\/wp-json\/wp\/v2\/tags?post=21492"}],"curies":[{"name":"wp","href":"https:\/\/api.w.org\/{rel}","templated":true}]}}