{"id":21472,"date":"2019-05-08T14:15:04","date_gmt":"2019-05-08T14:15:04","guid":{"rendered":"https:\/\/armstrongyregion.com.ar\/diario\/?p=21472"},"modified":"2019-05-08T14:15:04","modified_gmt":"2019-05-08T14:15:04","slug":"pertusati-los-responsables-son-las-fuerzas-de-seguridad-la-policia-los-fiscales-o-los-representantes-de-la-justicia","status":"publish","type":"post","link":"https:\/\/armstrongyregion.com.ar\/diario\/pertusati-los-responsables-son-las-fuerzas-de-seguridad-la-policia-los-fiscales-o-los-representantes-de-la-justicia\/","title":{"rendered":"Pertusati: \u201cLos responsables son las fuerzas de seguridad, la polic\u00eda, los fiscales o los representantes de la justicia\u201d."},"content":{"rendered":"<p><a href=\"http:\/\/armstrongyregion.com.ar\/diario\/wp-content\/uploads\/2018\/05\/CSC_0048.jpg\"><img loading=\"lazy\" decoding=\"async\" class=\"alignnone size-large wp-image-17114\" src=\"http:\/\/armstrongyregion.com.ar\/diario\/wp-content\/uploads\/2018\/05\/CSC_0048-1024x681.jpg\" alt=\"Concejal- Alejandro-Pertusati-\" width=\"800\" height=\"532\" \/><\/a>En la noche del martes, al t\u00e9rmino de la sesi\u00f3n del concejo deliberante, el edil Alejandro Pertusati, hizo una aclaraci\u00f3n a trav\u00e9s de los medios locales debido a algunas publicaciones en las redes sociales sobre un \u00a0hecho que habr\u00eda sucedido el pasado fin de semana, precisamente el domingo 5 de mayo a las 8 de la ma\u00f1ana.<\/p>\n<p>\u00abEste domingo mi familia ha pasado un mal momento, cuando un masculino persigui\u00f3 en su auto a mi sobrina hasta su vivienda y luego se meti\u00f3 en la casa, con intenciones perversas. Esta no es la primera vez que sucede. Es por eso es que se ha realizado una denuncia el domingo a las 10 de la ma\u00f1ana, con datos precisos de esta persona, nombre, apellido, direcci\u00f3n e incluso, fotograf\u00edas del veh\u00edculo en que se desplaza\u00bb, informaba Pertusati.<\/p>\n<p>Luego a\u00f1adi\u00f3: \u00abLo que llama la atenci\u00f3n es que se ha dado datos precisos de esta persona en la denuncia, la cual fue elevada a Fiscal\u00eda, pero hasta el d\u00eda de hoy, no tenemos novedades sobre el caso.\u00bb<\/p>\n<p>El Edil con mucha indignaci\u00f3n dec\u00eda: \u00abrealmente si pasa algo quiero que quede muy en claro, que los responsables son las fuerzas de seguridad, la polic\u00eda, los fiscales o los representantes de la justicia. No me voy a quedar callado porque no me parece; luego que se diera a conocer en las redes sociales \u00a0se destap\u00f3 una olla muy importante, donde muchas chicas comentaron que tambi\u00e9n hab\u00edan sido v\u00edctimas de la persecuci\u00f3n de esta persona. Es por eso que invito a las chicas a hacer la denuncia, si no quieren ir solas, me ofrezco como persona p\u00fablica, como concejal y representante a acompa\u00f1arlas, porque s\u00e9 que ellas tienen miedo de hacerla, y esto, no puede estar pasando ni ac\u00e1, ni en ning\u00fan lado\u00bb.<\/p>\n<p>Pertusati enfatiz\u00f3: \u201cNo \u00a0nos hemos sentido contenidos por la polic\u00eda, es por eso que acudimos al \u00e1rea mujer, donde tuvimos una muy buena respuesta. Quiero creer que la justicia existe, quiero creer que las fuerzas de seguridad, est\u00e1n para darnos seguridad. Y \u00a0yo no voy a hacer responsables ni a mis compa\u00f1eros concejales, ni al intendente; yo, voy a hacer responsables a los encargados de la seguridad, a los polic\u00edas y a los fiscales\u201d<\/p>\n<p>&nbsp;<\/p>\n","protected":false},"excerpt":{"rendered":"<p>En la noche del martes, al t\u00e9rmino de la sesi\u00f3n del concejo deliberante, el edil Alejandro Pertusati, hizo una aclaraci\u00f3n a trav\u00e9s de los medios locales debido a algunas publicaciones en las redes sociales sobre un \u00a0hecho que habr\u00eda sucedido el pasado fin de semana, precisamente el domingo 5 de mayo a las 8 de <a href=\"https:\/\/armstrongyregion.com.ar\/diario\/pertusati-los-responsables-son-las-fuerzas-de-seguridad-la-policia-los-fiscales-o-los-representantes-de-la-justicia\/\" title=\"Read more\" >&#8230;<\/a><\/p>\n","protected":false},"author":1,"featured_media":0,"comment_status":"open","ping_status":"open","sticky":false,"template":"","format":"standard","meta":{"_jetpack_memberships_contains_paid_content":false,"footnotes":"","jetpack_publicize_message":"","jetpack_publicize_feature_enabled":true,"jetpack_social_post_already_shared":false,"jetpack_social_options":{"image_generator_settings":{"template":"highway","default_image_id":0,"enabled":false},"version":2}},"categories":[8,1,2,2852,7,3],"tags":[7870,7871,7869],"class_list":["post-21472","post","type-post","status-publish","format-standard","hentry","category-deliberando","category-diario-armstrong","category-locales","category-policiales","category-politica","category-region","tag-la-policia","tag-los-fiscales-o-los-representantes-de-la-justicia","tag-pertusati-los-responsables-son-las-fuerzas-de-seguridad"],"jetpack_publicize_connections":[],"jetpack_featured_media_url":"","jetpack_shortlink":"https:\/\/wp.me\/p62QDO-5Ak","jetpack_sharing_enabled":true,"amp_enabled":true,"_links":{"self":[{"href":"https:\/\/armstrongyregion.com.ar\/diario\/wp-json\/wp\/v2\/posts\/21472","targetHints":{"allow":["GET"]}}],"collection":[{"href":"https:\/\/armstrongyregion.com.ar\/diario\/wp-json\/wp\/v2\/posts"}],"about":[{"href":"https:\/\/armstrongyregion.com.ar\/diario\/wp-json\/wp\/v2\/types\/post"}],"author":[{"embeddable":true,"href":"https:\/\/armstrongyregion.com.ar\/diario\/wp-json\/wp\/v2\/users\/1"}],"replies":[{"embeddable":true,"href":"https:\/\/armstrongyregion.com.ar\/diario\/wp-json\/wp\/v2\/comments?post=21472"}],"version-history":[{"count":0,"href":"https:\/\/armstrongyregion.com.ar\/diario\/wp-json\/wp\/v2\/posts\/21472\/revisions"}],"wp:attachment":[{"href":"https:\/\/armstrongyregion.com.ar\/diario\/wp-json\/wp\/v2\/media?parent=21472"}],"wp:term":[{"taxonomy":"category","embeddable":true,"href":"https:\/\/armstrongyregion.com.ar\/diario\/wp-json\/wp\/v2\/categories?post=21472"},{"taxonomy":"post_tag","embeddable":true,"href":"https:\/\/armstrongyregion.com.ar\/diario\/wp-json\/wp\/v2\/tags?post=21472"}],"curies":[{"name":"wp","href":"https:\/\/api.w.org\/{rel}","templated":true}]}}