{"id":21458,"date":"2019-05-07T12:33:10","date_gmt":"2019-05-07T12:33:10","guid":{"rendered":"https:\/\/armstrongyregion.com.ar\/diario\/?p=21458"},"modified":"2019-05-07T12:40:04","modified_gmt":"2019-05-07T12:40:04","slug":"giaccone-juntos-somos-la-esperanza-para-santa-fe","status":"publish","type":"post","link":"https:\/\/armstrongyregion.com.ar\/diario\/giaccone-juntos-somos-la-esperanza-para-santa-fe\/","title":{"rendered":"Giaccone: \u00abJuntos somos la esperanza para Santa Fe\u00bb."},"content":{"rendered":"<p><a href=\"http:\/\/armstrongyregion.com.ar\/diario\/wp-content\/uploads\/2019\/05\/perotti-diputados-de-pie.jpg\"><img loading=\"lazy\" decoding=\"async\" class=\"alignnone size-full wp-image-21459\" src=\"http:\/\/armstrongyregion.com.ar\/diario\/wp-content\/uploads\/2019\/05\/perotti-diputados-de-pie.jpg\" alt=\"perotti diputados de pie\" width=\"768\" height=\"512\" srcset=\"https:\/\/armstrongyregion.com.ar\/diario\/wp-content\/uploads\/2019\/05\/perotti-diputados-de-pie.jpg 768w, https:\/\/armstrongyregion.com.ar\/diario\/wp-content\/uploads\/2019\/05\/perotti-diputados-de-pie-300x200.jpg 300w\" sizes=\"auto, (max-width: 768px) 100vw, 768px\" \/><\/a>Omar Perotti y Alejandra Rodenas mantuvieron ayer un encuentro de trabajo junto a los candidatos a diputados del frente JUNTOS, y a referentes del espacio.<\/p>\n<p>Este lunes lleg\u00f3 una \u00a0de las fotos esperadas luego de las elecciones PASO en Santa Fe del 28 de abril pasado,\u00a0con la \u00a0presencia \u00a0de los flamantes candidatos del justicialismo en la categor\u00eda de gobernador y vice, y sus diputados que competir\u00e1n este pr\u00f3ximo 16 de junio en las elecciones generales.<\/p>\n<p>La dupla que compone la f\u00f3rmula a Gobernador de Santa Fe del justicialismo (Omar Perotti &#8211; Alejandra Rodenas) llevar\u00e1 como lista de candidatos a diputados a \u00a0Leandro Busatto, seguido por Silvina Frana, Oscar Cachi Mart\u00ednez, Luis Rubeo, Paola Bravo, Lucila De Ponti, Ricardo Olivera, Matilde Bruera \u00a0y Claudia Giaccone, del uno al noveno lugar.<\/p>\n<p><em>\u201cJuntos somos la esperanza para Santa Fe\u201d<\/em>, destac\u00f3 Claudia Giaccone, agregando que esta lista\u00a0<em>\u201ctiene legitimidad en el voto, diversidad en la integraci\u00f3n, y territorialidad\u201d.<\/em><\/p>\n","protected":false},"excerpt":{"rendered":"<p>Omar Perotti y Alejandra Rodenas mantuvieron ayer un encuentro de trabajo junto a los candidatos a diputados del frente JUNTOS, y a referentes del espacio. Este lunes lleg\u00f3 una \u00a0de las fotos esperadas luego de las elecciones PASO en Santa Fe del 28 de abril pasado,\u00a0con la \u00a0presencia \u00a0de los flamantes candidatos del justicialismo en <a href=\"https:\/\/armstrongyregion.com.ar\/diario\/giaccone-juntos-somos-la-esperanza-para-santa-fe\/\" title=\"Read more\" >&#8230;<\/a><\/p>\n","protected":false},"author":1,"featured_media":21459,"comment_status":"open","ping_status":"open","sticky":false,"template":"","format":"standard","meta":{"_jetpack_memberships_contains_paid_content":false,"footnotes":"","jetpack_publicize_message":"","jetpack_publicize_feature_enabled":true,"jetpack_social_post_already_shared":false,"jetpack_social_options":{"image_generator_settings":{"template":"highway","default_image_id":0,"enabled":false},"version":2}},"categories":[8,1,2,7,3],"tags":[7865],"class_list":["post-21458","post","type-post","status-publish","format-standard","has-post-thumbnail","hentry","category-deliberando","category-diario-armstrong","category-locales","category-politica","category-region","tag-giaccone-juntos-somos-la-esperanza-para-santa-fe"],"jetpack_publicize_connections":[],"jetpack_featured_media_url":"https:\/\/armstrongyregion.com.ar\/diario\/wp-content\/uploads\/2019\/05\/perotti-diputados-de-pie.jpg","jetpack_shortlink":"https:\/\/wp.me\/p62QDO-5A6","jetpack_sharing_enabled":true,"amp_enabled":true,"_links":{"self":[{"href":"https:\/\/armstrongyregion.com.ar\/diario\/wp-json\/wp\/v2\/posts\/21458","targetHints":{"allow":["GET"]}}],"collection":[{"href":"https:\/\/armstrongyregion.com.ar\/diario\/wp-json\/wp\/v2\/posts"}],"about":[{"href":"https:\/\/armstrongyregion.com.ar\/diario\/wp-json\/wp\/v2\/types\/post"}],"author":[{"embeddable":true,"href":"https:\/\/armstrongyregion.com.ar\/diario\/wp-json\/wp\/v2\/users\/1"}],"replies":[{"embeddable":true,"href":"https:\/\/armstrongyregion.com.ar\/diario\/wp-json\/wp\/v2\/comments?post=21458"}],"version-history":[{"count":0,"href":"https:\/\/armstrongyregion.com.ar\/diario\/wp-json\/wp\/v2\/posts\/21458\/revisions"}],"wp:featuredmedia":[{"embeddable":true,"href":"https:\/\/armstrongyregion.com.ar\/diario\/wp-json\/wp\/v2\/media\/21459"}],"wp:attachment":[{"href":"https:\/\/armstrongyregion.com.ar\/diario\/wp-json\/wp\/v2\/media?parent=21458"}],"wp:term":[{"taxonomy":"category","embeddable":true,"href":"https:\/\/armstrongyregion.com.ar\/diario\/wp-json\/wp\/v2\/categories?post=21458"},{"taxonomy":"post_tag","embeddable":true,"href":"https:\/\/armstrongyregion.com.ar\/diario\/wp-json\/wp\/v2\/tags?post=21458"}],"curies":[{"name":"wp","href":"https:\/\/api.w.org\/{rel}","templated":true}]}}