{"id":21451,"date":"2019-05-06T23:44:38","date_gmt":"2019-05-06T23:44:38","guid":{"rendered":"https:\/\/armstrongyregion.com.ar\/diario\/?p=21451"},"modified":"2019-05-06T23:44:38","modified_gmt":"2019-05-06T23:44:38","slug":"perotti-convocamos-a-todos-los-que-quieran-trabajar-por-una-santa-fe-protagonista","status":"publish","type":"post","link":"https:\/\/armstrongyregion.com.ar\/diario\/perotti-convocamos-a-todos-los-que-quieran-trabajar-por-una-santa-fe-protagonista\/","title":{"rendered":"Perotti: \u201cConvocamos a todos los que quieran trabajar por una Santa Fe protagonista\u201d."},"content":{"rendered":"<p><i><a href=\"http:\/\/armstrongyregion.com.ar\/diario\/wp-content\/uploads\/2019\/05\/perotti-diputados-.jpg\"><img loading=\"lazy\" decoding=\"async\" class=\"alignnone size-full wp-image-21452\" src=\"http:\/\/armstrongyregion.com.ar\/diario\/wp-content\/uploads\/2019\/05\/perotti-diputados-.jpg\" alt=\"perotti-diputados-\" width=\"768\" height=\"440\" srcset=\"https:\/\/armstrongyregion.com.ar\/diario\/wp-content\/uploads\/2019\/05\/perotti-diputados-.jpg 768w, https:\/\/armstrongyregion.com.ar\/diario\/wp-content\/uploads\/2019\/05\/perotti-diputados--300x172.jpg 300w\" sizes=\"auto, (max-width: 768px) 100vw, 768px\" \/><\/a>En una reuni\u00f3n de trabajo con los candidatos a diputados provinciales.<\/i><\/p>\n<p style=\"font-weight: 400;\">Omar Perotti mantuvo hoy un encuentro de trabajo junto a los candidatos a diputados del frente JUNTOS, y a referentes del espacio. All\u00ed afirm\u00f3 que \u201chay muchos santafesinos que desean una provincia con otro protagonismo y a los que convocamos desde aqu\u00ed, desde el\u00a0 Frente JUNTOS a seguir sum\u00e1ndose en esta etapa electoral y en la etapa posterior de gobernar esta provincia en los pr\u00f3ximos cuatro a\u00f1os\u00bb.<\/p>\n<p style=\"font-weight: 400;\">\n<p style=\"font-weight: 400;\">En ese sentido el candidato a gobernador indic\u00f3 que \u201cdesde el primer momento le hablamos a todos los santafesinos y estamos convencidos de que muchos m\u00e1s se van a sumar, porque nuestra convocatoria sigue abierta a todos los que quieran ser parte de una Santa Fe distinta, protagonista, m\u00e1s segura y con m\u00e1s oportunidades\u201d. Asimismo, agreg\u00f3 que \u201cno alcanza con juntarse con los que piensan igual o piensan parecido. Hay que animarse a construir con los que piensan distinto\u201d porque \u201cla magnitud de lo que tenemos que enfrentar requiere el aporte de todos\u201d.<\/p>\n<p style=\"font-weight: 400;\">\n<p style=\"font-weight: 400;\">Durante la reuni\u00f3n que se realiz\u00f3 en la sede del PJ en la ciudad de Santa Fe, Perotti destac\u00f3 \u201cel\u00a0 trabajo com\u00fan que ya ha empezado, el trabajo con cada compa\u00f1ero de cada pueblo, de cada ciudad, con los que se particip\u00f3 en las PASO. Y as\u00ed va a seguir todos los d\u00edas\u00bb y resalt\u00f3 que \u201cno hay duda que todos los dirigentes tenemos el compromiso y un mandato muy claro. Nadie va a dividir lo que la gente ha unido\u00bb.<\/p>\n<p style=\"font-weight: 400;\">\n<p style=\"font-weight: 400;\">\u00abDurante toda la campa\u00f1a planteamos que no tendr\u00edamos una interna donde iba a haber ganadores o perdedores, simplemente que los santafesinos ten\u00edan la posibilidad de ordenar nuestras listas seleccionando a cada uno de los candidatos\u201d agreg\u00f3 ante los medios de prensa, y opin\u00f3 que \u201cla integraci\u00f3n m\u00e1s clara, m\u00e1s nutrida, del Frente Juntos se da en la expresi\u00f3n de la lista de Diputados provinciales\u00bb.<\/p>\n<p style=\"font-weight: 400;\">\n<p style=\"font-weight: 400;\">Adem\u00e1s, agradeci\u00f3 \u201ca cada uno de los distintos sectores que participaron en el proceso electoral poniendo un esfuerzo enorme y llegando a esta instancia donde el Frente JUNTOS gana ampliamente las elecciones\u201d. Asimismo destac\u00f3 el trabajo \u201ccompartido junto a Mar\u00eda Eugenia Bielsa y todo Encuentro por Santa Fe y a cada uno de los integrantes de las distintas listas de diputados provinciales que compitieron dentro del Frente. Cada uno de ellos es parte de este proceso electoral y del futuro gobierno en la Provincia de Santa Fe\u00bb.<\/p>\n<p style=\"font-weight: 400;\">\n<p style=\"font-weight: 400;\">Del encuentro participaron Alejandra Rodenas, Leandro Busatto, Silvina Frana,\u00a0 Ricardo Olivera, Lucila De Ponti,\u00a0 Eduardo Romagnolli, Claudia Giaccone, Oscar Martinez, Marcela Aeberhard, Alejandra Obeid, Antonio Donello, Matilde Bruera, Osvaldo Miatello, German Bacarella, Paola Bravo y Julio Eggimann entre otros candidatos del Frente Juntos.<\/p>\n","protected":false},"excerpt":{"rendered":"<p>En una reuni\u00f3n de trabajo con los candidatos a diputados provinciales. Omar Perotti mantuvo hoy un encuentro de trabajo junto a los candidatos a diputados del frente JUNTOS, y a referentes del espacio. All\u00ed afirm\u00f3 que \u201chay muchos santafesinos que desean una provincia con otro protagonismo y a los que convocamos desde aqu\u00ed, desde el\u00a0 <a href=\"https:\/\/armstrongyregion.com.ar\/diario\/perotti-convocamos-a-todos-los-que-quieran-trabajar-por-una-santa-fe-protagonista\/\" title=\"Read more\" >&#8230;<\/a><\/p>\n","protected":false},"author":1,"featured_media":21452,"comment_status":"open","ping_status":"open","sticky":false,"template":"","format":"standard","meta":{"_jetpack_memberships_contains_paid_content":false,"footnotes":"","jetpack_publicize_message":"","jetpack_publicize_feature_enabled":true,"jetpack_social_post_already_shared":false,"jetpack_social_options":{"image_generator_settings":{"template":"highway","default_image_id":0,"enabled":false},"version":2}},"categories":[8,1,2,7,3],"tags":[7863],"class_list":["post-21451","post","type-post","status-publish","format-standard","has-post-thumbnail","hentry","category-deliberando","category-diario-armstrong","category-locales","category-politica","category-region","tag-perotti-convocamos-a-todos-los-que-quieran-trabajar-por-una-santa-fe-protagonista"],"jetpack_publicize_connections":[],"jetpack_featured_media_url":"https:\/\/armstrongyregion.com.ar\/diario\/wp-content\/uploads\/2019\/05\/perotti-diputados-.jpg","jetpack_shortlink":"https:\/\/wp.me\/p62QDO-5zZ","jetpack_sharing_enabled":true,"amp_enabled":true,"_links":{"self":[{"href":"https:\/\/armstrongyregion.com.ar\/diario\/wp-json\/wp\/v2\/posts\/21451","targetHints":{"allow":["GET"]}}],"collection":[{"href":"https:\/\/armstrongyregion.com.ar\/diario\/wp-json\/wp\/v2\/posts"}],"about":[{"href":"https:\/\/armstrongyregion.com.ar\/diario\/wp-json\/wp\/v2\/types\/post"}],"author":[{"embeddable":true,"href":"https:\/\/armstrongyregion.com.ar\/diario\/wp-json\/wp\/v2\/users\/1"}],"replies":[{"embeddable":true,"href":"https:\/\/armstrongyregion.com.ar\/diario\/wp-json\/wp\/v2\/comments?post=21451"}],"version-history":[{"count":0,"href":"https:\/\/armstrongyregion.com.ar\/diario\/wp-json\/wp\/v2\/posts\/21451\/revisions"}],"wp:featuredmedia":[{"embeddable":true,"href":"https:\/\/armstrongyregion.com.ar\/diario\/wp-json\/wp\/v2\/media\/21452"}],"wp:attachment":[{"href":"https:\/\/armstrongyregion.com.ar\/diario\/wp-json\/wp\/v2\/media?parent=21451"}],"wp:term":[{"taxonomy":"category","embeddable":true,"href":"https:\/\/armstrongyregion.com.ar\/diario\/wp-json\/wp\/v2\/categories?post=21451"},{"taxonomy":"post_tag","embeddable":true,"href":"https:\/\/armstrongyregion.com.ar\/diario\/wp-json\/wp\/v2\/tags?post=21451"}],"curies":[{"name":"wp","href":"https:\/\/api.w.org\/{rel}","templated":true}]}}