{"id":21449,"date":"2019-05-06T15:30:59","date_gmt":"2019-05-06T15:30:59","guid":{"rendered":"https:\/\/armstrongyregion.com.ar\/diario\/?p=21449"},"modified":"2019-05-06T15:30:59","modified_gmt":"2019-05-06T15:30:59","slug":"armstrong-comunicado-por-puestos-de-trabajo","status":"publish","type":"post","link":"https:\/\/armstrongyregion.com.ar\/diario\/armstrong-comunicado-por-puestos-de-trabajo\/","title":{"rendered":"Armstrong. Comunicado por puestos de trabajo."},"content":{"rendered":"<p><a href=\"http:\/\/armstrongyregion.com.ar\/diario\/wp-content\/uploads\/2018\/08\/comunicados-2018.jpg\"><img loading=\"lazy\" decoding=\"async\" class=\"alignnone size-full wp-image-18201\" src=\"http:\/\/armstrongyregion.com.ar\/diario\/wp-content\/uploads\/2018\/08\/comunicados-2018.jpg\" alt=\"comunicados 2018\" width=\"768\" height=\"541\" srcset=\"https:\/\/armstrongyregion.com.ar\/diario\/wp-content\/uploads\/2018\/08\/comunicados-2018.jpg 768w, https:\/\/armstrongyregion.com.ar\/diario\/wp-content\/uploads\/2018\/08\/comunicados-2018-300x211.jpg 300w\" sizes=\"auto, (max-width: 768px) 100vw, 768px\" \/><\/a>La Oficina de Empleo de la Municipalidad de Armstrong invita a personas interesadas en trabajar en seguridad y vigilancia a la reuni\u00f3n que se realizar\u00e1 el mi\u00e9rcoles 8 de mayo a las 9 hs. en el sal\u00f3n auditorio Delmo Dar\u00f3, San Mart\u00edn 1565.<\/p>\n<p>Quienes asistan, deber\u00e1n hacerlo munidos de una fotocopia de su DNI. Los puestos de trabajo estar\u00e1n disponibles entre el 20 de mayo y 3 de julio, aproximadamente.<\/p>\n<p>Las consultas pueden realizarse en la Oficina mencionada.<\/p>\n","protected":false},"excerpt":{"rendered":"<p>La Oficina de Empleo de la Municipalidad de Armstrong invita a personas interesadas en trabajar en seguridad y vigilancia a la reuni\u00f3n que se realizar\u00e1 el mi\u00e9rcoles 8 de mayo a las 9 hs. en el sal\u00f3n auditorio Delmo Dar\u00f3, San Mart\u00edn 1565. Quienes asistan, deber\u00e1n hacerlo munidos de una fotocopia de su DNI. Los <a href=\"https:\/\/armstrongyregion.com.ar\/diario\/armstrong-comunicado-por-puestos-de-trabajo\/\" title=\"Read more\" >&#8230;<\/a><\/p>\n","protected":false},"author":1,"featured_media":18201,"comment_status":"open","ping_status":"open","sticky":false,"template":"","format":"standard","meta":{"_jetpack_memberships_contains_paid_content":false,"footnotes":"","jetpack_publicize_message":"","jetpack_publicize_feature_enabled":true,"jetpack_social_post_already_shared":false,"jetpack_social_options":{"image_generator_settings":{"template":"highway","default_image_id":0,"enabled":false},"version":2}},"categories":[8,1,2,7],"tags":[7862],"class_list":["post-21449","post","type-post","status-publish","format-standard","has-post-thumbnail","hentry","category-deliberando","category-diario-armstrong","category-locales","category-politica","tag-comunicado-por-puestos-de-trabajo"],"jetpack_publicize_connections":[],"jetpack_featured_media_url":"https:\/\/armstrongyregion.com.ar\/diario\/wp-content\/uploads\/2018\/08\/comunicados-2018.jpg","jetpack_shortlink":"https:\/\/wp.me\/p62QDO-5zX","jetpack_sharing_enabled":true,"amp_enabled":true,"_links":{"self":[{"href":"https:\/\/armstrongyregion.com.ar\/diario\/wp-json\/wp\/v2\/posts\/21449","targetHints":{"allow":["GET"]}}],"collection":[{"href":"https:\/\/armstrongyregion.com.ar\/diario\/wp-json\/wp\/v2\/posts"}],"about":[{"href":"https:\/\/armstrongyregion.com.ar\/diario\/wp-json\/wp\/v2\/types\/post"}],"author":[{"embeddable":true,"href":"https:\/\/armstrongyregion.com.ar\/diario\/wp-json\/wp\/v2\/users\/1"}],"replies":[{"embeddable":true,"href":"https:\/\/armstrongyregion.com.ar\/diario\/wp-json\/wp\/v2\/comments?post=21449"}],"version-history":[{"count":0,"href":"https:\/\/armstrongyregion.com.ar\/diario\/wp-json\/wp\/v2\/posts\/21449\/revisions"}],"wp:featuredmedia":[{"embeddable":true,"href":"https:\/\/armstrongyregion.com.ar\/diario\/wp-json\/wp\/v2\/media\/18201"}],"wp:attachment":[{"href":"https:\/\/armstrongyregion.com.ar\/diario\/wp-json\/wp\/v2\/media?parent=21449"}],"wp:term":[{"taxonomy":"category","embeddable":true,"href":"https:\/\/armstrongyregion.com.ar\/diario\/wp-json\/wp\/v2\/categories?post=21449"},{"taxonomy":"post_tag","embeddable":true,"href":"https:\/\/armstrongyregion.com.ar\/diario\/wp-json\/wp\/v2\/tags?post=21449"}],"curies":[{"name":"wp","href":"https:\/\/api.w.org\/{rel}","templated":true}]}}