{"id":21421,"date":"2019-05-03T14:33:16","date_gmt":"2019-05-03T14:33:16","guid":{"rendered":"https:\/\/armstrongyregion.com.ar\/diario\/?p=21421"},"modified":"2019-05-03T14:33:16","modified_gmt":"2019-05-03T14:33:16","slug":"giaccone-lifschitz-hablo-como-candidato-y-no-como-gobernador","status":"publish","type":"post","link":"https:\/\/armstrongyregion.com.ar\/diario\/giaccone-lifschitz-hablo-como-candidato-y-no-como-gobernador\/","title":{"rendered":"Giaccone; \u00abLifschitz hablo como Candidato y no como Gobernador\u00bb."},"content":{"rendered":"<p><a href=\"http:\/\/armstrongyregion.com.ar\/diario\/wp-content\/uploads\/2019\/05\/CG-inicio-sesiones-2019-b-1\u00b0-de-mayo.jpg\"><img loading=\"lazy\" decoding=\"async\" class=\"alignnone size-full wp-image-21422\" src=\"http:\/\/armstrongyregion.com.ar\/diario\/wp-content\/uploads\/2019\/05\/CG-inicio-sesiones-2019-b-1\u00b0-de-mayo.jpg\" alt=\"CG inicio sesiones 2019 b 1\u00b0 de mayo\" width=\"768\" height=\"533\" srcset=\"https:\/\/armstrongyregion.com.ar\/diario\/wp-content\/uploads\/2019\/05\/CG-inicio-sesiones-2019-b-1\u00b0-de-mayo.jpg 768w, https:\/\/armstrongyregion.com.ar\/diario\/wp-content\/uploads\/2019\/05\/CG-inicio-sesiones-2019-b-1\u00b0-de-mayo-300x208.jpg 300w\" sizes=\"auto, (max-width: 768px) 100vw, 768px\" \/><\/a>La diputada provincial Claudia Giaccone asisti\u00f3 el mi\u00e9rcoles 1\u00b0 de mayo a la apertura del per\u00edodo 137\u00ba de Sesiones Ordinarias de la Legislatura santafesina. A su finalizaci\u00f3n expres\u00f3 que \u201ce<em>l gobernador Lifschitz brind\u00f3 un claro discurso de campa\u00f1a, relatando algunas cosas que se pueden ver y otras que realmente no s\u00e9 d\u00f3nde est\u00e1n\u201d.\u00a0 <\/em><\/p>\n<p><em>\u201cNos cuenta de miles de kil\u00f3metros de rutas construidas, y quienes recorremos permanentemente la provincia no las vemos. O sobre la realizaci\u00f3n de obras h\u00eddricas que si existieran no estar\u00edamos permanentemente en emergencia por inundaciones, como ocurre a\u00f1os tras a\u00f1os\u201d, <\/em>coment\u00f3 la legisladora.<\/p>\n<p>Refiri\u00e9ndose a los anuncios sobre las tarifas de servicios p\u00fablicos, Giaccone manifest\u00f3 que se <em>\u201croza el cinismo cuando habla de congelar el valor de la energ\u00eda el\u00e9ctrica no aplicando un incremento del 3%, siendo que la EPE lo aument\u00f3 el 30% este a\u00f1o y durante toda su gesti\u00f3n la suba alcanza el 300%. Lifschitz parece darse cuenta ahora, en plena campa\u00f1a electoral, que se est\u00e1 afectando negativamente a industrias, comercios y familias\u201d.<\/em><\/p>\n<p><em>\u201cEscuchamos la descripci\u00f3n de una provincia id\u00edlica, donde se olvid\u00f3 hablar sobre los continuos hechos de inseguridad que tienen sumamente preocupados a los santafesinos; y nada dijo por ejemplo del compromiso que hab\u00eda asumido para actuar en prevenci\u00f3n y rehabilitaci\u00f3n de la drogadependencia, siendo que al d\u00eda de hoy ning\u00fan centro de salud se ocupa de estas cuestiones\u201d, continu\u00f3.<\/em><\/p>\n<p><em>\u201cEl discurso de apertura de Sesiones Ordinarias, donde debe darse rendici\u00f3n de cuentas y presentar los proyectos para el futuro, fue convertido por el gobernador Lifschitz en el inicio del camino a las elecciones generales de junio. La intenci\u00f3n de pedir el voto para el oficialismo qued\u00f3 resaltada con claridad en las palabras con que cerr\u00f3, repitiendo varias veces el eslogan de su partido\u201d, <\/em>concluy\u00f3 la diputada Claudia Giaccone.<\/p>\n<p>&nbsp;<\/p>\n","protected":false},"excerpt":{"rendered":"<p>La diputada provincial Claudia Giaccone asisti\u00f3 el mi\u00e9rcoles 1\u00b0 de mayo a la apertura del per\u00edodo 137\u00ba de Sesiones Ordinarias de la Legislatura santafesina. A su finalizaci\u00f3n expres\u00f3 que \u201cel gobernador Lifschitz brind\u00f3 un claro discurso de campa\u00f1a, relatando algunas cosas que se pueden ver y otras que realmente no s\u00e9 d\u00f3nde est\u00e1n\u201d.\u00a0 \u201cNos cuenta <a href=\"https:\/\/armstrongyregion.com.ar\/diario\/giaccone-lifschitz-hablo-como-candidato-y-no-como-gobernador\/\" title=\"Read more\" >&#8230;<\/a><\/p>\n","protected":false},"author":1,"featured_media":21422,"comment_status":"open","ping_status":"open","sticky":false,"template":"","format":"standard","meta":{"_jetpack_memberships_contains_paid_content":false,"footnotes":"","jetpack_publicize_message":"","jetpack_publicize_feature_enabled":true,"jetpack_social_post_already_shared":false,"jetpack_social_options":{"image_generator_settings":{"template":"highway","default_image_id":0,"enabled":false},"version":2}},"categories":[8,1,2,7,3],"tags":[7853],"class_list":["post-21421","post","type-post","status-publish","format-standard","has-post-thumbnail","hentry","category-deliberando","category-diario-armstrong","category-locales","category-politica","category-region","tag-giaccone-lifschitz-hablo-como-candidato-y-no-como-gobernador"],"jetpack_publicize_connections":[],"jetpack_featured_media_url":"https:\/\/armstrongyregion.com.ar\/diario\/wp-content\/uploads\/2019\/05\/CG-inicio-sesiones-2019-b-1\u00b0-de-mayo.jpg","jetpack_shortlink":"https:\/\/wp.me\/p62QDO-5zv","jetpack_sharing_enabled":true,"amp_enabled":true,"_links":{"self":[{"href":"https:\/\/armstrongyregion.com.ar\/diario\/wp-json\/wp\/v2\/posts\/21421","targetHints":{"allow":["GET"]}}],"collection":[{"href":"https:\/\/armstrongyregion.com.ar\/diario\/wp-json\/wp\/v2\/posts"}],"about":[{"href":"https:\/\/armstrongyregion.com.ar\/diario\/wp-json\/wp\/v2\/types\/post"}],"author":[{"embeddable":true,"href":"https:\/\/armstrongyregion.com.ar\/diario\/wp-json\/wp\/v2\/users\/1"}],"replies":[{"embeddable":true,"href":"https:\/\/armstrongyregion.com.ar\/diario\/wp-json\/wp\/v2\/comments?post=21421"}],"version-history":[{"count":0,"href":"https:\/\/armstrongyregion.com.ar\/diario\/wp-json\/wp\/v2\/posts\/21421\/revisions"}],"wp:featuredmedia":[{"embeddable":true,"href":"https:\/\/armstrongyregion.com.ar\/diario\/wp-json\/wp\/v2\/media\/21422"}],"wp:attachment":[{"href":"https:\/\/armstrongyregion.com.ar\/diario\/wp-json\/wp\/v2\/media?parent=21421"}],"wp:term":[{"taxonomy":"category","embeddable":true,"href":"https:\/\/armstrongyregion.com.ar\/diario\/wp-json\/wp\/v2\/categories?post=21421"},{"taxonomy":"post_tag","embeddable":true,"href":"https:\/\/armstrongyregion.com.ar\/diario\/wp-json\/wp\/v2\/tags?post=21421"}],"curies":[{"name":"wp","href":"https:\/\/api.w.org\/{rel}","templated":true}]}}