{"id":21417,"date":"2019-05-03T14:25:52","date_gmt":"2019-05-03T14:25:52","guid":{"rendered":"https:\/\/armstrongyregion.com.ar\/diario\/?p=21417"},"modified":"2019-05-03T14:25:52","modified_gmt":"2019-05-03T14:25:52","slug":"llega-el-primer-taller-de-huella-ecologica-a-correa","status":"publish","type":"post","link":"https:\/\/armstrongyregion.com.ar\/diario\/llega-el-primer-taller-de-huella-ecologica-a-correa\/","title":{"rendered":"Llega el primer Taller de Huella Ecol\u00f3gica a Correa."},"content":{"rendered":"<p style=\"font-weight: 400;\"><a href=\"http:\/\/armstrongyregion.com.ar\/diario\/wp-content\/uploads\/2019\/05\/THE.jpeg\"><img loading=\"lazy\" decoding=\"async\" class=\"alignnone size-full wp-image-21418\" src=\"http:\/\/armstrongyregion.com.ar\/diario\/wp-content\/uploads\/2019\/05\/THE.jpeg\" alt=\"THE\" width=\"600\" height=\"600\" srcset=\"https:\/\/armstrongyregion.com.ar\/diario\/wp-content\/uploads\/2019\/05\/THE.jpeg 600w, https:\/\/armstrongyregion.com.ar\/diario\/wp-content\/uploads\/2019\/05\/THE-150x150.jpeg 150w, https:\/\/armstrongyregion.com.ar\/diario\/wp-content\/uploads\/2019\/05\/THE-300x300.jpeg 300w, https:\/\/armstrongyregion.com.ar\/diario\/wp-content\/uploads\/2019\/05\/THE-144x144.jpeg 144w\" sizes=\"auto, (max-width: 600px) 100vw, 600px\" \/><\/a>El viernes 3 de mayo, a las 19.30 hs. en el Centro Cultural Villa \u00c1ngela, se llevar\u00e1 a cabo el primer Taller de Huella Ecol\u00f3gica para pensar en un Correa m\u00e1s sustentable y para tomar conciencia sobre la importancia de cuidar el ambiente en que vivimos.<\/p>\n<p style=\"font-weight: 400;\">La actividad es organizada por la Comuna de Correa y El Chipeador.<\/p>\n<p style=\"font-weight: 400;\">Correa 2030: Parque Frutihorticola, el rol de los clubes, la tercera edad; Relaci\u00f3n org\u00e1nica de la basura con los integrantes de la comunidad; el proyecto El Chipeador con escuelas t\u00e9cnicas, ser\u00e1n algunos de los temas que se abordar\u00e1n.<\/p>\n","protected":false},"excerpt":{"rendered":"<p>El viernes 3 de mayo, a las 19.30 hs. en el Centro Cultural Villa \u00c1ngela, se llevar\u00e1 a cabo el primer Taller de Huella Ecol\u00f3gica para pensar en un Correa m\u00e1s sustentable y para tomar conciencia sobre la importancia de cuidar el ambiente en que vivimos. La actividad es organizada por la Comuna de Correa <a href=\"https:\/\/armstrongyregion.com.ar\/diario\/llega-el-primer-taller-de-huella-ecologica-a-correa\/\" title=\"Read more\" >&#8230;<\/a><\/p>\n","protected":false},"author":1,"featured_media":21418,"comment_status":"open","ping_status":"open","sticky":false,"template":"","format":"standard","meta":{"_jetpack_memberships_contains_paid_content":false,"footnotes":"","jetpack_publicize_message":"","jetpack_publicize_feature_enabled":true,"jetpack_social_post_already_shared":false,"jetpack_social_options":{"image_generator_settings":{"template":"highway","default_image_id":0,"enabled":false},"version":2}},"categories":[6,8,1,7,3],"tags":[7852],"class_list":["post-21417","post","type-post","status-publish","format-standard","has-post-thumbnail","hentry","category-cultura-entretenimiento","category-deliberando","category-diario-armstrong","category-politica","category-region","tag-llega-el-primer-taller-de-huella-ecologica-a-correa"],"jetpack_publicize_connections":[],"jetpack_featured_media_url":"https:\/\/armstrongyregion.com.ar\/diario\/wp-content\/uploads\/2019\/05\/THE.jpeg","jetpack_shortlink":"https:\/\/wp.me\/p62QDO-5zr","jetpack_sharing_enabled":true,"amp_enabled":true,"_links":{"self":[{"href":"https:\/\/armstrongyregion.com.ar\/diario\/wp-json\/wp\/v2\/posts\/21417","targetHints":{"allow":["GET"]}}],"collection":[{"href":"https:\/\/armstrongyregion.com.ar\/diario\/wp-json\/wp\/v2\/posts"}],"about":[{"href":"https:\/\/armstrongyregion.com.ar\/diario\/wp-json\/wp\/v2\/types\/post"}],"author":[{"embeddable":true,"href":"https:\/\/armstrongyregion.com.ar\/diario\/wp-json\/wp\/v2\/users\/1"}],"replies":[{"embeddable":true,"href":"https:\/\/armstrongyregion.com.ar\/diario\/wp-json\/wp\/v2\/comments?post=21417"}],"version-history":[{"count":0,"href":"https:\/\/armstrongyregion.com.ar\/diario\/wp-json\/wp\/v2\/posts\/21417\/revisions"}],"wp:featuredmedia":[{"embeddable":true,"href":"https:\/\/armstrongyregion.com.ar\/diario\/wp-json\/wp\/v2\/media\/21418"}],"wp:attachment":[{"href":"https:\/\/armstrongyregion.com.ar\/diario\/wp-json\/wp\/v2\/media?parent=21417"}],"wp:term":[{"taxonomy":"category","embeddable":true,"href":"https:\/\/armstrongyregion.com.ar\/diario\/wp-json\/wp\/v2\/categories?post=21417"},{"taxonomy":"post_tag","embeddable":true,"href":"https:\/\/armstrongyregion.com.ar\/diario\/wp-json\/wp\/v2\/tags?post=21417"}],"curies":[{"name":"wp","href":"https:\/\/api.w.org\/{rel}","templated":true}]}}