{"id":21381,"date":"2019-04-30T20:11:08","date_gmt":"2019-04-30T20:11:08","guid":{"rendered":"https:\/\/armstrongyregion.com.ar\/diario\/?p=21381"},"modified":"2019-04-30T20:11:08","modified_gmt":"2019-04-30T20:11:08","slug":"pertusati-el-balance-de-las-paso-es-altamente-positivo","status":"publish","type":"post","link":"https:\/\/armstrongyregion.com.ar\/diario\/pertusati-el-balance-de-las-paso-es-altamente-positivo\/","title":{"rendered":"Pertusati: \u201cEl balance de las PASO es altamente positivo\u201d."},"content":{"rendered":"<p><a href=\"http:\/\/armstrongyregion.com.ar\/diario\/wp-content\/uploads\/2018\/05\/CSC_0048.jpg\"><img loading=\"lazy\" decoding=\"async\" class=\"alignnone size-large wp-image-17114\" src=\"http:\/\/armstrongyregion.com.ar\/diario\/wp-content\/uploads\/2018\/05\/CSC_0048-1024x681.jpg\" alt=\"Concejal- Alejandro-Pertusati-\" width=\"800\" height=\"532\" \/><\/a>El Precandidato que encabeza la lista del Frente Progresista Civico y Social luego de las elecciones primarias expresaba: \u201cEl \u00a0balance de las elecciones PASO\u00a0 es altamente positivo, ya que me he enfrentado a tres rivales que han sido en su\u00a0 momento candidatos a intendente, esta es\u00a0 mi primera experiencia, siendo el candidato m\u00e1s joven he sacado una gran cantidad de votos, he quedado como el 2do candidato m\u00e1s votado de la ciudad, siendo tal vez el menos conocido de los cuatro\u201d.<\/p>\n<p>Alejandro Pertusati a\u00f1adi\u00f3: \u201cEstoy muy contento, creo que ha sido una jornada muy ejemplar\u00a0 para la democracia, ya que tanto la campa\u00f1a\u00a0 como el acto electoral se ha vivido con much\u00edsima tranquilidad- Creo que de ahora en m\u00e1s esto es una base y servir\u00e1 para ampliar el caudal de votos y sentir el apoyo de la ciudad. Como agrupaci\u00f3n estamos muy contentos, porque tambi\u00e9n se sabemos que una gran mayor\u00eda que participo en la interna peronista, son votos que pertenecen al Frente Progresista y lo que uno a\u00f1ora para junio es poder ganar la elecci\u00f3n\u201d.<\/p>\n","protected":false},"excerpt":{"rendered":"<p>El Precandidato que encabeza la lista del Frente Progresista Civico y Social luego de las elecciones primarias expresaba: \u201cEl \u00a0balance de las elecciones PASO\u00a0 es altamente positivo, ya que me he enfrentado a tres rivales que han sido en su\u00a0 momento candidatos a intendente, esta es\u00a0 mi primera experiencia, siendo el candidato m\u00e1s joven he <a href=\"https:\/\/armstrongyregion.com.ar\/diario\/pertusati-el-balance-de-las-paso-es-altamente-positivo\/\" title=\"Read more\" >&#8230;<\/a><\/p>\n","protected":false},"author":1,"featured_media":0,"comment_status":"open","ping_status":"open","sticky":false,"template":"","format":"standard","meta":{"_jetpack_memberships_contains_paid_content":false,"footnotes":"","jetpack_publicize_message":"","jetpack_publicize_feature_enabled":true,"jetpack_social_post_already_shared":false,"jetpack_social_options":{"image_generator_settings":{"template":"highway","default_image_id":0,"enabled":false},"version":2}},"categories":[8,1,2,7,3],"tags":[7834],"class_list":["post-21381","post","type-post","status-publish","format-standard","hentry","category-deliberando","category-diario-armstrong","category-locales","category-politica","category-region","tag-pertusati-el-balance-de-las-paso-es-altamente-positivo"],"jetpack_publicize_connections":[],"jetpack_featured_media_url":"","jetpack_shortlink":"https:\/\/wp.me\/p62QDO-5yR","jetpack_sharing_enabled":true,"amp_enabled":true,"_links":{"self":[{"href":"https:\/\/armstrongyregion.com.ar\/diario\/wp-json\/wp\/v2\/posts\/21381","targetHints":{"allow":["GET"]}}],"collection":[{"href":"https:\/\/armstrongyregion.com.ar\/diario\/wp-json\/wp\/v2\/posts"}],"about":[{"href":"https:\/\/armstrongyregion.com.ar\/diario\/wp-json\/wp\/v2\/types\/post"}],"author":[{"embeddable":true,"href":"https:\/\/armstrongyregion.com.ar\/diario\/wp-json\/wp\/v2\/users\/1"}],"replies":[{"embeddable":true,"href":"https:\/\/armstrongyregion.com.ar\/diario\/wp-json\/wp\/v2\/comments?post=21381"}],"version-history":[{"count":0,"href":"https:\/\/armstrongyregion.com.ar\/diario\/wp-json\/wp\/v2\/posts\/21381\/revisions"}],"wp:attachment":[{"href":"https:\/\/armstrongyregion.com.ar\/diario\/wp-json\/wp\/v2\/media?parent=21381"}],"wp:term":[{"taxonomy":"category","embeddable":true,"href":"https:\/\/armstrongyregion.com.ar\/diario\/wp-json\/wp\/v2\/categories?post=21381"},{"taxonomy":"post_tag","embeddable":true,"href":"https:\/\/armstrongyregion.com.ar\/diario\/wp-json\/wp\/v2\/tags?post=21381"}],"curies":[{"name":"wp","href":"https:\/\/api.w.org\/{rel}","templated":true}]}}