{"id":21379,"date":"2019-04-30T12:47:19","date_gmt":"2019-04-30T12:47:19","guid":{"rendered":"https:\/\/armstrongyregion.com.ar\/diario\/?p=21379"},"modified":"2019-04-30T12:47:19","modified_gmt":"2019-04-30T12:47:19","slug":"armstrong-el-miercoles-1-de-mayo-no-habra-recoleccion-de-residuos","status":"publish","type":"post","link":"https:\/\/armstrongyregion.com.ar\/diario\/armstrong-el-miercoles-1-de-mayo-no-habra-recoleccion-de-residuos\/","title":{"rendered":"Armstrong. El mi\u00e9rcoles 1 de mayo no habr\u00e1 recolecci\u00f3n de residuos."},"content":{"rendered":"<p><a href=\"http:\/\/armstrongyregion.com.ar\/diario\/wp-content\/uploads\/2015\/04\/recoleccion..jpg\"><img loading=\"lazy\" decoding=\"async\" class=\"alignnone size-full wp-image-1950\" src=\"http:\/\/armstrongyregion.com.ar\/diario\/wp-content\/uploads\/2015\/04\/recoleccion..jpg\" alt=\"recoleccion.\" width=\"300\" height=\"168\" \/><\/a>La Municipalidad de Armstrong a trav\u00e9s de la Secretar\u00eda de\u00a0 Obras y Servicios P\u00fablicos informa que el d\u00eda mi\u00e9rcoles 1 de mayo, D\u00eda del Trabajador, no se realizar\u00e1 la recolecci\u00f3n de residuos domiciliarios.<\/p>\n<p>La misma se llevar\u00e1 a cabo el d\u00eda jueves 2, en los horarios habituales.<\/p>\n","protected":false},"excerpt":{"rendered":"<p>La Municipalidad de Armstrong a trav\u00e9s de la Secretar\u00eda de\u00a0 Obras y Servicios P\u00fablicos informa que el d\u00eda mi\u00e9rcoles 1 de mayo, D\u00eda del Trabajador, no se realizar\u00e1 la recolecci\u00f3n de residuos domiciliarios. La misma se llevar\u00e1 a cabo el d\u00eda jueves 2, en los horarios habituales.<\/p>\n","protected":false},"author":1,"featured_media":1950,"comment_status":"open","ping_status":"open","sticky":false,"template":"","format":"standard","meta":{"_jetpack_memberships_contains_paid_content":false,"footnotes":"","jetpack_publicize_message":"","jetpack_publicize_feature_enabled":true,"jetpack_social_post_already_shared":false,"jetpack_social_options":{"image_generator_settings":{"template":"highway","default_image_id":0,"enabled":false},"version":2}},"categories":[8,1,2,3],"tags":[7833],"class_list":["post-21379","post","type-post","status-publish","format-standard","has-post-thumbnail","hentry","category-deliberando","category-diario-armstrong","category-locales","category-region","tag-el-miercoles-1-de-mayo-no-habra-recoleccion-de-residuos"],"jetpack_publicize_connections":[],"jetpack_featured_media_url":"https:\/\/armstrongyregion.com.ar\/diario\/wp-content\/uploads\/2015\/04\/recoleccion..jpg","jetpack_shortlink":"https:\/\/wp.me\/p62QDO-5yP","jetpack_sharing_enabled":true,"amp_enabled":true,"_links":{"self":[{"href":"https:\/\/armstrongyregion.com.ar\/diario\/wp-json\/wp\/v2\/posts\/21379","targetHints":{"allow":["GET"]}}],"collection":[{"href":"https:\/\/armstrongyregion.com.ar\/diario\/wp-json\/wp\/v2\/posts"}],"about":[{"href":"https:\/\/armstrongyregion.com.ar\/diario\/wp-json\/wp\/v2\/types\/post"}],"author":[{"embeddable":true,"href":"https:\/\/armstrongyregion.com.ar\/diario\/wp-json\/wp\/v2\/users\/1"}],"replies":[{"embeddable":true,"href":"https:\/\/armstrongyregion.com.ar\/diario\/wp-json\/wp\/v2\/comments?post=21379"}],"version-history":[{"count":0,"href":"https:\/\/armstrongyregion.com.ar\/diario\/wp-json\/wp\/v2\/posts\/21379\/revisions"}],"wp:featuredmedia":[{"embeddable":true,"href":"https:\/\/armstrongyregion.com.ar\/diario\/wp-json\/wp\/v2\/media\/1950"}],"wp:attachment":[{"href":"https:\/\/armstrongyregion.com.ar\/diario\/wp-json\/wp\/v2\/media?parent=21379"}],"wp:term":[{"taxonomy":"category","embeddable":true,"href":"https:\/\/armstrongyregion.com.ar\/diario\/wp-json\/wp\/v2\/categories?post=21379"},{"taxonomy":"post_tag","embeddable":true,"href":"https:\/\/armstrongyregion.com.ar\/diario\/wp-json\/wp\/v2\/tags?post=21379"}],"curies":[{"name":"wp","href":"https:\/\/api.w.org\/{rel}","templated":true}]}}