{"id":21375,"date":"2019-04-30T12:32:03","date_gmt":"2019-04-30T12:32:03","guid":{"rendered":"https:\/\/armstrongyregion.com.ar\/diario\/?p=21375"},"modified":"2019-04-30T12:32:03","modified_gmt":"2019-04-30T12:32:03","slug":"deliberando-programa-erasmus-y-cortos-72-horas","status":"publish","type":"post","link":"https:\/\/armstrongyregion.com.ar\/diario\/deliberando-programa-erasmus-y-cortos-72-horas\/","title":{"rendered":"DELIBERANDO: Programa Erasmus y Cortos 72 horas."},"content":{"rendered":"<div><a href=\"http:\/\/armstrongyregion.com.ar\/diario\/wp-content\/uploads\/2019\/04\/Siri-Cantarini-.jpg\"><img loading=\"lazy\" decoding=\"async\" class=\"alignnone size-full wp-image-21376\" src=\"http:\/\/armstrongyregion.com.ar\/diario\/wp-content\/uploads\/2019\/04\/Siri-Cantarini-.jpg\" alt=\"Siri- Cantarini-\" width=\"768\" height=\"434\" srcset=\"https:\/\/armstrongyregion.com.ar\/diario\/wp-content\/uploads\/2019\/04\/Siri-Cantarini-.jpg 768w, https:\/\/armstrongyregion.com.ar\/diario\/wp-content\/uploads\/2019\/04\/Siri-Cantarini--300x170.jpg 300w\" sizes=\"auto, (max-width: 768px) 100vw, 768px\" \/><\/a>Este martes Rosana Siri y Joaqu\u00edn Cantarini, dar\u00e1n todos los detalles de el Programa Erasmus, sus vivencias y la experiencias vividas por quienes participaron del mismo. Intercambio de conocimiento con integrantes de otras delegaciones de distintos pa\u00edses de Europa.<\/div>\n<div><a href=\"http:\/\/armstrongyregion.com.ar\/diario\/wp-content\/uploads\/2019\/04\/Cambiasso-Rodriguez.jpg\"><img loading=\"lazy\" decoding=\"async\" class=\"alignnone size-full wp-image-21377\" src=\"http:\/\/armstrongyregion.com.ar\/diario\/wp-content\/uploads\/2019\/04\/Cambiasso-Rodriguez.jpg\" alt=\"Cambiasso-Rodriguez\" width=\"768\" height=\"401\" srcset=\"https:\/\/armstrongyregion.com.ar\/diario\/wp-content\/uploads\/2019\/04\/Cambiasso-Rodriguez.jpg 768w, https:\/\/armstrongyregion.com.ar\/diario\/wp-content\/uploads\/2019\/04\/Cambiasso-Rodriguez-300x157.jpg 300w\" sizes=\"auto, (max-width: 768px) 100vw, 768px\" \/><\/a>Desde Comunicaci\u00f3n Social de la Municipalidad de Ca\u00f1ada de G\u00f3mez, desde hace 7 a\u00f1os concreta su FESTIVAL DE CORTOS 72 HORAS. Fabi\u00e1n Rodriguez y Emanuel Cambiasso, coordinadores del mismo nos hablan de esta realizaci\u00f3n y las sorpresas que se van encontrando a lo largo del festival<\/div>\n<div>Todo este martes en DELIBERANDO, con la conducci\u00f3n de la Lic. Graciela de la Casa y Oscar Crispino.<\/div>\n<div>Martes 21hs por Cable Imagen Armstrong.<\/div>\n<div><\/div>\n<div><\/div>\n","protected":false},"excerpt":{"rendered":"<p>Este martes Rosana Siri y Joaqu\u00edn Cantarini, dar\u00e1n todos los detalles de el Programa Erasmus, sus vivencias y la experiencias vividas por quienes participaron del mismo. Intercambio de conocimiento con integrantes de otras delegaciones de distintos pa\u00edses de Europa. Desde Comunicaci\u00f3n Social de la Municipalidad de Ca\u00f1ada de G\u00f3mez, desde hace 7 a\u00f1os concreta su <a href=\"https:\/\/armstrongyregion.com.ar\/diario\/deliberando-programa-erasmus-y-cortos-72-horas\/\" title=\"Read more\" >&#8230;<\/a><\/p>\n","protected":false},"author":1,"featured_media":21376,"comment_status":"open","ping_status":"open","sticky":false,"template":"","format":"standard","meta":{"_jetpack_memberships_contains_paid_content":false,"footnotes":"","jetpack_publicize_message":"","jetpack_publicize_feature_enabled":true,"jetpack_social_post_already_shared":false,"jetpack_social_options":{"image_generator_settings":{"template":"highway","default_image_id":0,"enabled":false},"version":2}},"categories":[6,8,1,2,7,3],"tags":[7832],"class_list":["post-21375","post","type-post","status-publish","format-standard","has-post-thumbnail","hentry","category-cultura-entretenimiento","category-deliberando","category-diario-armstrong","category-locales","category-politica","category-region","tag-deliberando-programa-erasmus-y-cortos-72-horas"],"jetpack_publicize_connections":[],"jetpack_featured_media_url":"https:\/\/armstrongyregion.com.ar\/diario\/wp-content\/uploads\/2019\/04\/Siri-Cantarini-.jpg","jetpack_shortlink":"https:\/\/wp.me\/p62QDO-5yL","jetpack_sharing_enabled":true,"amp_enabled":true,"_links":{"self":[{"href":"https:\/\/armstrongyregion.com.ar\/diario\/wp-json\/wp\/v2\/posts\/21375","targetHints":{"allow":["GET"]}}],"collection":[{"href":"https:\/\/armstrongyregion.com.ar\/diario\/wp-json\/wp\/v2\/posts"}],"about":[{"href":"https:\/\/armstrongyregion.com.ar\/diario\/wp-json\/wp\/v2\/types\/post"}],"author":[{"embeddable":true,"href":"https:\/\/armstrongyregion.com.ar\/diario\/wp-json\/wp\/v2\/users\/1"}],"replies":[{"embeddable":true,"href":"https:\/\/armstrongyregion.com.ar\/diario\/wp-json\/wp\/v2\/comments?post=21375"}],"version-history":[{"count":0,"href":"https:\/\/armstrongyregion.com.ar\/diario\/wp-json\/wp\/v2\/posts\/21375\/revisions"}],"wp:featuredmedia":[{"embeddable":true,"href":"https:\/\/armstrongyregion.com.ar\/diario\/wp-json\/wp\/v2\/media\/21376"}],"wp:attachment":[{"href":"https:\/\/armstrongyregion.com.ar\/diario\/wp-json\/wp\/v2\/media?parent=21375"}],"wp:term":[{"taxonomy":"category","embeddable":true,"href":"https:\/\/armstrongyregion.com.ar\/diario\/wp-json\/wp\/v2\/categories?post=21375"},{"taxonomy":"post_tag","embeddable":true,"href":"https:\/\/armstrongyregion.com.ar\/diario\/wp-json\/wp\/v2\/tags?post=21375"}],"curies":[{"name":"wp","href":"https:\/\/api.w.org\/{rel}","templated":true}]}}