{"id":21343,"date":"2019-04-29T02:12:55","date_gmt":"2019-04-29T02:12:55","guid":{"rendered":"https:\/\/armstrongyregion.com.ar\/diario\/?p=21343"},"modified":"2019-04-29T02:12:55","modified_gmt":"2019-04-29T02:12:55","slug":"rodenas-dijo-que-el-frente-juntos-esta-ganando-ampliamente-en-la-provincia","status":"publish","type":"post","link":"https:\/\/armstrongyregion.com.ar\/diario\/rodenas-dijo-que-el-frente-juntos-esta-ganando-ampliamente-en-la-provincia\/","title":{"rendered":"Rodenas dijo que \u00abel Frente Juntos est\u00e1 ganando ampliamente en la provincia\u00bb"},"content":{"rendered":"<p><a href=\"http:\/\/armstrongyregion.com.ar\/diario\/wp-content\/uploads\/2019\/04\/rodenas-paso-19-.jpg\"><img loading=\"lazy\" decoding=\"async\" class=\"alignnone size-full wp-image-21346\" src=\"http:\/\/armstrongyregion.com.ar\/diario\/wp-content\/uploads\/2019\/04\/rodenas-paso-19-.jpg\" alt=\"rodenas-paso-19-\" width=\"642\" height=\"361\" srcset=\"https:\/\/armstrongyregion.com.ar\/diario\/wp-content\/uploads\/2019\/04\/rodenas-paso-19-.jpg 642w, https:\/\/armstrongyregion.com.ar\/diario\/wp-content\/uploads\/2019\/04\/rodenas-paso-19--300x169.jpg 300w\" sizes=\"auto, (max-width: 642px) 100vw, 642px\" \/><\/a>La precandidata a vicegobernadora en la f\u00f3rmula que encabeza Omar Perotti se mostr\u00f3 exultante con los resultados.<\/p>\n<p>Alejandra Rodenas, la precandidata a vicegobernadora por Juntos -que lleva como precandidato a Omar Perotti-, destac\u00f3 esta noche que ese espacio \u00abest\u00e1 ganando ampliamente en la provincia\u00bb.<\/p>\n<div>\n<div>En declaraciones a la prensa en el b\u00fanker del peronismo en el Centro Cultural Atlas, Rodenas hizo un an\u00e1lisis de los c\u00f3mputos parciales de las Paso y dijo: \u00abSugestivamente hay una carga lenta, lo que s\u00ed podemos adelantar es que el Frente Juntos est\u00e1 ganando ampliamente las elecciones en la provincia\u00bb.<\/div>\n<div>\u00abLos datos -ampli\u00f3 la exjueza- coinciden con los datos que ven\u00edamos manejando los \u00faltimos d\u00edas. Esto nos da una gran satisfacci\u00f3n y es evidente que cuando el movimiento nacional se motoriza, coincide, acuerda en las coincidencias y deja de lado sus disidencias genera estos resultados\u00bb.<\/div>\n<div>\n<div>Cuando le recordaron que el Frente Progresista tambi\u00e9n se dio por ganador, Rodenas fue concluyente: \u00abEs una estrategia, lo nuestro est\u00e1 basado en n\u00fameros serios. Obviamente que vamos a esperar que esto se desarrolle con total normalidad, porque suponemos que va a ser as\u00ed, pero estamos convencidos que estamos haciendo una muy buena elecci\u00f3n en Santa Fe\u00bb.<\/div>\n<div>Finalmente Rodenas resalt\u00f3: \u00abNos est\u00e1 viendo todo el pa\u00eds y estamos dando un mensaje al resto de la Argentina porque es evidente que las elecciones de Santa Fe son muy importantes para lo que van a ser las elecciones a nivel nacional\u00bb.<\/div>\n<div>En Armstrong\u00a0 Omar Perotti se impuso por mas de mil votos ante Maria Eugenia Bielsa.<\/div>\n<div><a href=\"http:\/\/armstrongyregion.com.ar\/diario\/wp-content\/uploads\/2019\/04\/frente-juntos-armstrong-.jpg\"><img loading=\"lazy\" decoding=\"async\" class=\"alignnone size-full wp-image-21344\" src=\"http:\/\/armstrongyregion.com.ar\/diario\/wp-content\/uploads\/2019\/04\/frente-juntos-armstrong-.jpg\" alt=\"frente-juntos-armstrong-\" width=\"768\" height=\"432\" srcset=\"https:\/\/armstrongyregion.com.ar\/diario\/wp-content\/uploads\/2019\/04\/frente-juntos-armstrong-.jpg 768w, https:\/\/armstrongyregion.com.ar\/diario\/wp-content\/uploads\/2019\/04\/frente-juntos-armstrong--300x169.jpg 300w\" sizes=\"auto, (max-width: 768px) 100vw, 768px\" \/><\/a><\/div>\n<div><a href=\"http:\/\/armstrongyregion.com.ar\/diario\/wp-content\/uploads\/2019\/04\/gobernadores-paso-19-.jpg\"><img loading=\"lazy\" decoding=\"async\" class=\"alignnone size-full wp-image-21345\" src=\"http:\/\/armstrongyregion.com.ar\/diario\/wp-content\/uploads\/2019\/04\/gobernadores-paso-19-.jpg\" alt=\"gobernadores-paso-19-\" width=\"768\" height=\"432\" srcset=\"https:\/\/armstrongyregion.com.ar\/diario\/wp-content\/uploads\/2019\/04\/gobernadores-paso-19-.jpg 768w, https:\/\/armstrongyregion.com.ar\/diario\/wp-content\/uploads\/2019\/04\/gobernadores-paso-19--300x169.jpg 300w\" sizes=\"auto, (max-width: 768px) 100vw, 768px\" \/><\/a><\/div>\n<\/div>\n<\/div>\n","protected":false},"excerpt":{"rendered":"<p>La precandidata a vicegobernadora en la f\u00f3rmula que encabeza Omar Perotti se mostr\u00f3 exultante con los resultados. Alejandra Rodenas, la precandidata a vicegobernadora por Juntos -que lleva como precandidato a Omar Perotti-, destac\u00f3 esta noche que ese espacio \u00abest\u00e1 ganando ampliamente en la provincia\u00bb. En declaraciones a la prensa en el b\u00fanker del peronismo en <a href=\"https:\/\/armstrongyregion.com.ar\/diario\/rodenas-dijo-que-el-frente-juntos-esta-ganando-ampliamente-en-la-provincia\/\" title=\"Read more\" >&#8230;<\/a><\/p>\n","protected":false},"author":1,"featured_media":21345,"comment_status":"open","ping_status":"open","sticky":false,"template":"","format":"standard","meta":{"_jetpack_memberships_contains_paid_content":false,"footnotes":"","jetpack_publicize_message":"","jetpack_publicize_feature_enabled":true,"jetpack_social_post_already_shared":false,"jetpack_social_options":{"image_generator_settings":{"template":"highway","default_image_id":0,"enabled":false},"version":2}},"categories":[8,1,2,7,3],"tags":[7823],"class_list":["post-21343","post","type-post","status-publish","format-standard","has-post-thumbnail","hentry","category-deliberando","category-diario-armstrong","category-locales","category-politica","category-region","tag-rodenas-dijo-que-el-frente-juntos-esta-ganando-ampliamente-en-la-provincia"],"jetpack_publicize_connections":[],"jetpack_featured_media_url":"https:\/\/armstrongyregion.com.ar\/diario\/wp-content\/uploads\/2019\/04\/gobernadores-paso-19-.jpg","jetpack_shortlink":"https:\/\/wp.me\/p62QDO-5yf","jetpack_sharing_enabled":true,"amp_enabled":true,"_links":{"self":[{"href":"https:\/\/armstrongyregion.com.ar\/diario\/wp-json\/wp\/v2\/posts\/21343","targetHints":{"allow":["GET"]}}],"collection":[{"href":"https:\/\/armstrongyregion.com.ar\/diario\/wp-json\/wp\/v2\/posts"}],"about":[{"href":"https:\/\/armstrongyregion.com.ar\/diario\/wp-json\/wp\/v2\/types\/post"}],"author":[{"embeddable":true,"href":"https:\/\/armstrongyregion.com.ar\/diario\/wp-json\/wp\/v2\/users\/1"}],"replies":[{"embeddable":true,"href":"https:\/\/armstrongyregion.com.ar\/diario\/wp-json\/wp\/v2\/comments?post=21343"}],"version-history":[{"count":0,"href":"https:\/\/armstrongyregion.com.ar\/diario\/wp-json\/wp\/v2\/posts\/21343\/revisions"}],"wp:featuredmedia":[{"embeddable":true,"href":"https:\/\/armstrongyregion.com.ar\/diario\/wp-json\/wp\/v2\/media\/21345"}],"wp:attachment":[{"href":"https:\/\/armstrongyregion.com.ar\/diario\/wp-json\/wp\/v2\/media?parent=21343"}],"wp:term":[{"taxonomy":"category","embeddable":true,"href":"https:\/\/armstrongyregion.com.ar\/diario\/wp-json\/wp\/v2\/categories?post=21343"},{"taxonomy":"post_tag","embeddable":true,"href":"https:\/\/armstrongyregion.com.ar\/diario\/wp-json\/wp\/v2\/tags?post=21343"}],"curies":[{"name":"wp","href":"https:\/\/api.w.org\/{rel}","templated":true}]}}