{"id":21254,"date":"2019-04-22T20:59:04","date_gmt":"2019-04-22T20:59:04","guid":{"rendered":"https:\/\/armstrongyregion.com.ar\/diario\/?p=21254"},"modified":"2019-04-22T20:59:04","modified_gmt":"2019-04-22T20:59:04","slug":"avanzan-los-preparativos-para-el-14o-mundial-de-paracaidismo","status":"publish","type":"post","link":"https:\/\/armstrongyregion.com.ar\/diario\/avanzan-los-preparativos-para-el-14o-mundial-de-paracaidismo\/","title":{"rendered":"Avanzan los preparativos para el 14\u00ba MUNDIAL DE PARACAIDISMO."},"content":{"rendered":"<p><a href=\"http:\/\/armstrongyregion.com.ar\/diario\/wp-content\/uploads\/2019\/04\/equipo-1.jpg\"><img loading=\"lazy\" decoding=\"async\" class=\"alignnone size-full wp-image-21255\" src=\"http:\/\/armstrongyregion.com.ar\/diario\/wp-content\/uploads\/2019\/04\/equipo-1.jpg\" alt=\"equipo (1)\" width=\"686\" height=\"600\" srcset=\"https:\/\/armstrongyregion.com.ar\/diario\/wp-content\/uploads\/2019\/04\/equipo-1.jpg 686w, https:\/\/armstrongyregion.com.ar\/diario\/wp-content\/uploads\/2019\/04\/equipo-1-300x262.jpg 300w\" sizes=\"auto, (max-width: 686px) 100vw, 686px\" \/><\/a>En este gran evento deportivo que por primera vez se har\u00e1 en Argentina, en la ciudad de C\u00f3rdoba del 18 al 26 de Mayo, siendo su sede la <strong>Escuela de Aviaci\u00f3n Militar<\/strong>, tendremos la gran oportunidad de demostrar que nuestros competidores, sin ninguna duda, estar\u00e1n a la altura de los m\u00e1ximos exponentes mundiales.<\/p>\n<p>Nuestro colores ser\u00e1n defendidos por un equipo femenino, uno masculino y un joven exponente que har\u00e1 lo suyo en individual junior. Y ellos son:<\/p>\n<p><strong><u>Equipo Femenino<\/u><\/strong><\/p>\n<ul>\n<li>In\u00e9s Mdalel<\/li>\n<li>Ivana Canovas<\/li>\n<li>Agustina Reyes<\/li>\n<li>Romina Alurralde<\/li>\n<li>Bel\u00e9n Casta\u00f1eda<\/li>\n<\/ul>\n<p>&nbsp;<\/p>\n<p><strong><u>Equipo Masculino<\/u><\/strong><\/p>\n<ul>\n<li>Mat\u00edas Gutierrez<\/li>\n<li>Fernando Conil<\/li>\n<li>Mariano Gutierrez<\/li>\n<li>Sergio Williman<\/li>\n<li>Javier Dealessandro<\/li>\n<\/ul>\n<p>&nbsp;<\/p>\n<p><strong><u>Individual Junior<\/u><\/strong><\/p>\n<ul>\n<li>Santiago Mor\u00e1n<\/li>\n<\/ul>\n<p>&nbsp;<\/p>\n","protected":false},"excerpt":{"rendered":"<p>En este gran evento deportivo que por primera vez se har\u00e1 en Argentina, en la ciudad de C\u00f3rdoba del 18 al 26 de Mayo, siendo su sede la Escuela de Aviaci\u00f3n Militar, tendremos la gran oportunidad de demostrar que nuestros competidores, sin ninguna duda, estar\u00e1n a la altura de los m\u00e1ximos exponentes mundiales. Nuestro colores <a href=\"https:\/\/armstrongyregion.com.ar\/diario\/avanzan-los-preparativos-para-el-14o-mundial-de-paracaidismo\/\" title=\"Read more\" >&#8230;<\/a><\/p>\n","protected":false},"author":1,"featured_media":21255,"comment_status":"open","ping_status":"open","sticky":false,"template":"","format":"standard","meta":{"_jetpack_memberships_contains_paid_content":false,"footnotes":"","jetpack_publicize_message":"","jetpack_publicize_feature_enabled":true,"jetpack_social_post_already_shared":false,"jetpack_social_options":{"image_generator_settings":{"template":"highway","default_image_id":0,"enabled":false},"version":2}},"categories":[8,5,1,3],"tags":[7797],"class_list":["post-21254","post","type-post","status-publish","format-standard","has-post-thumbnail","hentry","category-deliberando","category-deportes","category-diario-armstrong","category-region","tag-avanzan-los-preparativos-para-el-14o-mundial-de-paracaidismo"],"jetpack_publicize_connections":[],"jetpack_featured_media_url":"https:\/\/armstrongyregion.com.ar\/diario\/wp-content\/uploads\/2019\/04\/equipo-1.jpg","jetpack_shortlink":"https:\/\/wp.me\/p62QDO-5wO","jetpack_sharing_enabled":true,"amp_enabled":true,"_links":{"self":[{"href":"https:\/\/armstrongyregion.com.ar\/diario\/wp-json\/wp\/v2\/posts\/21254","targetHints":{"allow":["GET"]}}],"collection":[{"href":"https:\/\/armstrongyregion.com.ar\/diario\/wp-json\/wp\/v2\/posts"}],"about":[{"href":"https:\/\/armstrongyregion.com.ar\/diario\/wp-json\/wp\/v2\/types\/post"}],"author":[{"embeddable":true,"href":"https:\/\/armstrongyregion.com.ar\/diario\/wp-json\/wp\/v2\/users\/1"}],"replies":[{"embeddable":true,"href":"https:\/\/armstrongyregion.com.ar\/diario\/wp-json\/wp\/v2\/comments?post=21254"}],"version-history":[{"count":0,"href":"https:\/\/armstrongyregion.com.ar\/diario\/wp-json\/wp\/v2\/posts\/21254\/revisions"}],"wp:featuredmedia":[{"embeddable":true,"href":"https:\/\/armstrongyregion.com.ar\/diario\/wp-json\/wp\/v2\/media\/21255"}],"wp:attachment":[{"href":"https:\/\/armstrongyregion.com.ar\/diario\/wp-json\/wp\/v2\/media?parent=21254"}],"wp:term":[{"taxonomy":"category","embeddable":true,"href":"https:\/\/armstrongyregion.com.ar\/diario\/wp-json\/wp\/v2\/categories?post=21254"},{"taxonomy":"post_tag","embeddable":true,"href":"https:\/\/armstrongyregion.com.ar\/diario\/wp-json\/wp\/v2\/tags?post=21254"}],"curies":[{"name":"wp","href":"https:\/\/api.w.org\/{rel}","templated":true}]}}