{"id":21219,"date":"2019-04-19T15:43:53","date_gmt":"2019-04-19T15:43:53","guid":{"rendered":"https:\/\/armstrongyregion.com.ar\/diario\/?p=21219"},"modified":"2019-04-19T15:43:53","modified_gmt":"2019-04-19T15:43:53","slug":"desde-el-concejo-se-solicito-un-pedido-de-informe-al-ejecutivo-sobre-la-situacion-de-los-galpones-mas","status":"publish","type":"post","link":"https:\/\/armstrongyregion.com.ar\/diario\/desde-el-concejo-se-solicito-un-pedido-de-informe-al-ejecutivo-sobre-la-situacion-de-los-galpones-mas\/","title":{"rendered":"Desde el concejo se solicit\u00f3 un pedido de informe al ejecutivo sobre la situaci\u00f3n de los galpones Mas."},"content":{"rendered":"<p><a href=\"http:\/\/armstrongyregion.com.ar\/diario\/wp-content\/uploads\/2019\/03\/Apertura-concejo-19-1-.jpg\"><img loading=\"lazy\" decoding=\"async\" class=\"alignnone size-full wp-image-20726\" src=\"http:\/\/armstrongyregion.com.ar\/diario\/wp-content\/uploads\/2019\/03\/Apertura-concejo-19-1-.jpg\" alt=\"Apertura-concejo-19-1-\" width=\"960\" height=\"466\" srcset=\"https:\/\/armstrongyregion.com.ar\/diario\/wp-content\/uploads\/2019\/03\/Apertura-concejo-19-1-.jpg 960w, https:\/\/armstrongyregion.com.ar\/diario\/wp-content\/uploads\/2019\/03\/Apertura-concejo-19-1--300x146.jpg 300w\" sizes=\"auto, (max-width: 960px) 100vw, 960px\" \/><\/a>El pasado martes en sesi\u00f3n ordinaria, los concejales de los tres bloques, presentaron un pedido de informe al Ejecutivo respecto a la situaci\u00f3n de los galpones MAS, donde funciona provisoriamente la escuela \u00a0N\u00ba 291 Fray Luis Beltran.<\/p>\n<p>El Pte del concejo Dr. Augusto Fischer expreso: \u201cCon la \u00faltima lluvia ca\u00edda \u00a0el d\u00eda lunes, adem\u00e1s del panorama de siempre (calles inundadas como nunca, barro por todos lados, vecinos que no pueden salir de sus casas, etc) esta vez los afectados tambi\u00e9n fueron los alumnos de la Escuela T\u00e9cnica N.291.<\/p>\n<p>A ra\u00edz de las filtraciones de agua en la Estaci\u00f3n M\u00c1S -donde funciona provisoriamente la Escuela- tuvieron que suspender las clases de ese d\u00eda.<\/p>\n<p>El pedido de informe que hacemos desde el Concejo al Municipio es porque si bien la nueva Escuela es obra del Ministerio de Educaci\u00f3n (provincial) la Municipalidad de Armstrong es el nexo entre la Escuela y el Ministerio, por eso la Municipalidad puede administrar los fondos recibidos por la provincia, se ocupa de las licitaciones, es la encargada de controlar y hacer el seguimiento de obra.<\/p>\n<p>Entonces lo que queremos saber es qui\u00e9n o qui\u00e9nes son responsables de este mal-acondicionamiento de los galpones, y qui\u00e9n se va a hacer cargo, para que esto no vuelva a pasar la pr\u00f3xima vez que llueva\u201d.<\/p>\n<p>&nbsp;<\/p>\n<p>&nbsp;<\/p>\n","protected":false},"excerpt":{"rendered":"<p>El pasado martes en sesi\u00f3n ordinaria, los concejales de los tres bloques, presentaron un pedido de informe al Ejecutivo respecto a la situaci\u00f3n de los galpones MAS, donde funciona provisoriamente la escuela \u00a0N\u00ba 291 Fray Luis Beltran. El Pte del concejo Dr. Augusto Fischer expreso: \u201cCon la \u00faltima lluvia ca\u00edda \u00a0el d\u00eda lunes, adem\u00e1s del <a href=\"https:\/\/armstrongyregion.com.ar\/diario\/desde-el-concejo-se-solicito-un-pedido-de-informe-al-ejecutivo-sobre-la-situacion-de-los-galpones-mas\/\" title=\"Read more\" >&#8230;<\/a><\/p>\n","protected":false},"author":1,"featured_media":20727,"comment_status":"open","ping_status":"open","sticky":false,"template":"","format":"standard","meta":{"_jetpack_memberships_contains_paid_content":false,"footnotes":"","jetpack_publicize_message":"","jetpack_publicize_feature_enabled":true,"jetpack_social_post_already_shared":false,"jetpack_social_options":{"image_generator_settings":{"template":"highway","default_image_id":0,"enabled":false},"version":2}},"categories":[8,1,2,7],"tags":[7785],"class_list":["post-21219","post","type-post","status-publish","format-standard","has-post-thumbnail","hentry","category-deliberando","category-diario-armstrong","category-locales","category-politica","tag-desde-el-concejo-se-solicito-un-pedido-de-informe-al-ejecutivo-sobre-la-situacion-de-los-galpones-mas"],"jetpack_publicize_connections":[],"jetpack_featured_media_url":"https:\/\/armstrongyregion.com.ar\/diario\/wp-content\/uploads\/2019\/03\/Apertura-concejo-19-2-.jpg","jetpack_shortlink":"https:\/\/wp.me\/p62QDO-5wf","jetpack_sharing_enabled":true,"amp_enabled":true,"_links":{"self":[{"href":"https:\/\/armstrongyregion.com.ar\/diario\/wp-json\/wp\/v2\/posts\/21219","targetHints":{"allow":["GET"]}}],"collection":[{"href":"https:\/\/armstrongyregion.com.ar\/diario\/wp-json\/wp\/v2\/posts"}],"about":[{"href":"https:\/\/armstrongyregion.com.ar\/diario\/wp-json\/wp\/v2\/types\/post"}],"author":[{"embeddable":true,"href":"https:\/\/armstrongyregion.com.ar\/diario\/wp-json\/wp\/v2\/users\/1"}],"replies":[{"embeddable":true,"href":"https:\/\/armstrongyregion.com.ar\/diario\/wp-json\/wp\/v2\/comments?post=21219"}],"version-history":[{"count":0,"href":"https:\/\/armstrongyregion.com.ar\/diario\/wp-json\/wp\/v2\/posts\/21219\/revisions"}],"wp:featuredmedia":[{"embeddable":true,"href":"https:\/\/armstrongyregion.com.ar\/diario\/wp-json\/wp\/v2\/media\/20727"}],"wp:attachment":[{"href":"https:\/\/armstrongyregion.com.ar\/diario\/wp-json\/wp\/v2\/media?parent=21219"}],"wp:term":[{"taxonomy":"category","embeddable":true,"href":"https:\/\/armstrongyregion.com.ar\/diario\/wp-json\/wp\/v2\/categories?post=21219"},{"taxonomy":"post_tag","embeddable":true,"href":"https:\/\/armstrongyregion.com.ar\/diario\/wp-json\/wp\/v2\/tags?post=21219"}],"curies":[{"name":"wp","href":"https:\/\/api.w.org\/{rel}","templated":true}]}}