{"id":21210,"date":"2019-04-18T15:50:00","date_gmt":"2019-04-18T15:50:00","guid":{"rendered":"https:\/\/armstrongyregion.com.ar\/diario\/?p=21210"},"modified":"2019-04-18T15:50:00","modified_gmt":"2019-04-18T15:50:00","slug":"cornaglia-recorrio-el-departamento-belgrano-junto-a-rodenas-y-busatto","status":"publish","type":"post","link":"https:\/\/armstrongyregion.com.ar\/diario\/cornaglia-recorrio-el-departamento-belgrano-junto-a-rodenas-y-busatto\/","title":{"rendered":"Cornaglia recorri\u00f3 el departamento Belgrano junto a Rodenas y Busatto."},"content":{"rendered":"<div><a href=\"http:\/\/armstrongyregion.com.ar\/diario\/wp-content\/uploads\/2019\/04\/rodenas-.jpg\"><img loading=\"lazy\" decoding=\"async\" class=\"alignnone size-full wp-image-21211\" src=\"http:\/\/armstrongyregion.com.ar\/diario\/wp-content\/uploads\/2019\/04\/rodenas-.jpg\" alt=\"rodenas-\" width=\"768\" height=\"373\" srcset=\"https:\/\/armstrongyregion.com.ar\/diario\/wp-content\/uploads\/2019\/04\/rodenas-.jpg 768w, https:\/\/armstrongyregion.com.ar\/diario\/wp-content\/uploads\/2019\/04\/rodenas--300x146.jpg 300w\" sizes=\"auto, (max-width: 768px) 100vw, 768px\" \/><\/a>El senador provincial Guillermo Cornaglia acompa\u00f1\u00f3 a la pre candidata a vicegobernadora Alejandra Rodenas y al pre candidato a diputado provincial Leandro Busatto durante su recorrido por todo el departamento Belgrano.<\/div>\n<div><\/div>\n<div><a href=\"http:\/\/armstrongyregion.com.ar\/diario\/wp-content\/uploads\/2019\/04\/juntos-rodenas.jpg\"><img loading=\"lazy\" decoding=\"async\" class=\"alignnone size-full wp-image-21212\" src=\"http:\/\/armstrongyregion.com.ar\/diario\/wp-content\/uploads\/2019\/04\/juntos-rodenas.jpg\" alt=\"juntos-rodenas\" width=\"768\" height=\"373\" srcset=\"https:\/\/armstrongyregion.com.ar\/diario\/wp-content\/uploads\/2019\/04\/juntos-rodenas.jpg 768w, https:\/\/armstrongyregion.com.ar\/diario\/wp-content\/uploads\/2019\/04\/juntos-rodenas-300x146.jpg 300w\" sizes=\"auto, (max-width: 768px) 100vw, 768px\" \/><\/a>\u201cVinimos a tratar de poner en marcha un sue\u00f1o colectivo, que es la prioridad de ordenar nuestra vida en funci\u00f3n de un Estado que nos proteja, nos promocione, nos brinde la posibilidad de pensar que el bienestar que so\u00f1amos es posible\u201d, manifest\u00f3 Leandro Busatto. Adem\u00e1s, el pre candidato de la lista Sumar sostuvo que en estos momentos es necesario que Santa Fe tenga una pol\u00edtica diferente. \u201cEntre el ajuste que propone la Naci\u00f3n y la indiferencia provincial hay camino para construir la esperanza de un gobierno presente que acompa\u00f1e la defensa del trabajo, la promoci\u00f3n del empleo, con tarifas el\u00e9ctricas diferenciales y con una pol\u00edtica de seguridad seria\u201d, agreg\u00f3.<\/div>\n<div><\/div>\n<div>En el mismo sentido, Alejandra Rodenas explic\u00f3 que ordenar la provincia tambi\u00e9n significa hacer foco en la vida cotidiana, y que muchas veces la vida cotidiana est\u00e1 atravesada por el flagelo que implica hoy la violencia. \u201cEn la lista Sumar nos hemos encontrado personas que vinimos de distintos lugares y hemos confluido en un di\u00e1logo diverso, pero respetuoso y tolerante. Necesitamos encontrarnos en los temas fundamentales, por eso los convoco a que nos acompa\u00f1en, para construir una Santa Fe m\u00e1s justa y m\u00e1s equitativa\u201d, finaliz\u00f3 la pre candidata a vice gobernadora.<\/div>\n","protected":false},"excerpt":{"rendered":"<p>El senador provincial Guillermo Cornaglia acompa\u00f1\u00f3 a la pre candidata a vicegobernadora Alejandra Rodenas y al pre candidato a diputado provincial Leandro Busatto durante su recorrido por todo el departamento Belgrano. \u201cVinimos a tratar de poner en marcha un sue\u00f1o colectivo, que es la prioridad de ordenar nuestra vida en funci\u00f3n de un Estado que <a href=\"https:\/\/armstrongyregion.com.ar\/diario\/cornaglia-recorrio-el-departamento-belgrano-junto-a-rodenas-y-busatto\/\" title=\"Read more\" >&#8230;<\/a><\/p>\n","protected":false},"author":1,"featured_media":21211,"comment_status":"open","ping_status":"open","sticky":false,"template":"","format":"standard","meta":{"_jetpack_memberships_contains_paid_content":false,"footnotes":"","jetpack_publicize_message":"","jetpack_publicize_feature_enabled":true,"jetpack_social_post_already_shared":false,"jetpack_social_options":{"image_generator_settings":{"template":"highway","default_image_id":0,"enabled":false},"version":2}},"categories":[8,1,2,7,3],"tags":[7782],"class_list":["post-21210","post","type-post","status-publish","format-standard","has-post-thumbnail","hentry","category-deliberando","category-diario-armstrong","category-locales","category-politica","category-region","tag-cornaglia-recorrio-el-departamento-belgrano-junto-a-rodenas-y-busatto"],"jetpack_publicize_connections":[],"jetpack_featured_media_url":"https:\/\/armstrongyregion.com.ar\/diario\/wp-content\/uploads\/2019\/04\/rodenas-.jpg","jetpack_shortlink":"https:\/\/wp.me\/p62QDO-5w6","jetpack_sharing_enabled":true,"amp_enabled":true,"_links":{"self":[{"href":"https:\/\/armstrongyregion.com.ar\/diario\/wp-json\/wp\/v2\/posts\/21210","targetHints":{"allow":["GET"]}}],"collection":[{"href":"https:\/\/armstrongyregion.com.ar\/diario\/wp-json\/wp\/v2\/posts"}],"about":[{"href":"https:\/\/armstrongyregion.com.ar\/diario\/wp-json\/wp\/v2\/types\/post"}],"author":[{"embeddable":true,"href":"https:\/\/armstrongyregion.com.ar\/diario\/wp-json\/wp\/v2\/users\/1"}],"replies":[{"embeddable":true,"href":"https:\/\/armstrongyregion.com.ar\/diario\/wp-json\/wp\/v2\/comments?post=21210"}],"version-history":[{"count":0,"href":"https:\/\/armstrongyregion.com.ar\/diario\/wp-json\/wp\/v2\/posts\/21210\/revisions"}],"wp:featuredmedia":[{"embeddable":true,"href":"https:\/\/armstrongyregion.com.ar\/diario\/wp-json\/wp\/v2\/media\/21211"}],"wp:attachment":[{"href":"https:\/\/armstrongyregion.com.ar\/diario\/wp-json\/wp\/v2\/media?parent=21210"}],"wp:term":[{"taxonomy":"category","embeddable":true,"href":"https:\/\/armstrongyregion.com.ar\/diario\/wp-json\/wp\/v2\/categories?post=21210"},{"taxonomy":"post_tag","embeddable":true,"href":"https:\/\/armstrongyregion.com.ar\/diario\/wp-json\/wp\/v2\/tags?post=21210"}],"curies":[{"name":"wp","href":"https:\/\/api.w.org\/{rel}","templated":true}]}}