{"id":21204,"date":"2019-04-18T14:53:32","date_gmt":"2019-04-18T14:53:32","guid":{"rendered":"https:\/\/armstrongyregion.com.ar\/diario\/?p=21204"},"modified":"2019-04-18T14:53:32","modified_gmt":"2019-04-18T14:53:32","slug":"giaccone-recorrio-la-zona-costera-centro-y-noroeste-santafesino","status":"publish","type":"post","link":"https:\/\/armstrongyregion.com.ar\/diario\/giaccone-recorrio-la-zona-costera-centro-y-noroeste-santafesino\/","title":{"rendered":"Giaccone recorri\u00f3 la zona costera centro y noroeste santafesino."},"content":{"rendered":"<p><strong><a href=\"http:\/\/armstrongyregion.com.ar\/diario\/wp-content\/uploads\/2019\/04\/Recreo-entrega-de-antolog\u00edas.jpg\"><img loading=\"lazy\" decoding=\"async\" class=\"alignnone size-full wp-image-21205\" src=\"http:\/\/armstrongyregion.com.ar\/diario\/wp-content\/uploads\/2019\/04\/Recreo-entrega-de-antolog\u00edas.jpg\" alt=\"Recreo entrega de antolog\u00edas\" width=\"768\" height=\"539\" srcset=\"https:\/\/armstrongyregion.com.ar\/diario\/wp-content\/uploads\/2019\/04\/Recreo-entrega-de-antolog\u00edas.jpg 768w, https:\/\/armstrongyregion.com.ar\/diario\/wp-content\/uploads\/2019\/04\/Recreo-entrega-de-antolog\u00edas-300x211.jpg 300w\" sizes=\"auto, (max-width: 768px) 100vw, 768px\" \/><\/a>La diputada provincial Claudia Giaccone, luego de la \u00faltima sesi\u00f3n extraordinaria de la C\u00e1mara de Diputados realizada el jueves 11 de abril, inici\u00f3 una recorrida por comunidades del centro y noreste santafesino. Es as\u00ed que durante los d\u00edas siguientes visit\u00f3 <u>Recreo<\/u> y <u>Monte Vera<\/u> (departamento La Capital); <u>Reconquista<\/u>, <u>Las Garzas<\/u>, <u>Las Toscas<\/u> y <u>Malabrigo<\/u> (departamento Gral. Obligado); <u>Vera<\/u> y \u00a0<u>Calchaqu\u00ed<\/u> (departamento Vera); <u>Romang<\/u> y <u>San Javier<\/u> (departamento San Javier);\u00a0 <u>Colonia Dolores<\/u> (departamento San Justo), finalizando el lunes 15 en <u>San Jos\u00e9 del Rinc\u00f3n<\/u> (departamento La Capital).<\/strong><\/p>\n<p>En estas localidades, seg\u00fan la oportunidad, estuvo acompa\u00f1ada por candidatos que integran la lista \u201cUnidos por Santa Fe\u201d, liderada por la propia Giaccone y que participar\u00e1 de las PASO del Frente Juntos, el pr\u00f3ximo 28 de abril: Ver\u00f3nica Sala (de Avellaneda), Gladis Dimartino (de Calchaqu\u00ed), Cecilia Saucedo (de Romang), Ileana Rodr\u00edguez (de Recreo), Juan Manuel Escobar (de San Javier) y Oscar Yodice (de Santa Fe).<\/p>\n<p><strong>RECREO.<\/strong> En el Club Hurac\u00e1n, la diputada hizo entrega de libros de las antolog\u00edas \u00abDe Pueblo en Pueblo\u00bb y \u00abClave de Cuento\u00bb, programa del Ente Cultural Santanfesino.<\/p>\n<p>Y en <strong>MONTE VERA<\/strong> visit\u00f3 a Jes\u00fas Valetti en su tradicional Almac\u00e9n Verona, charlando con los parroquianos junto al secretario del bloque legislativo Oscar Yodice.<\/p>\n<p><strong>RECONQUISTA.<\/strong> Siempre acompa\u00f1ada por Ver\u00f3nica Sala, la legisladora estuvo en el Centro Art\u00edstico Neconac\u00b4t\u00e1; luego con integrantes del Ballet Folcl\u00f3rico Amerindia; y tambi\u00e9n presenci\u00f3 el seminario de capacitaci\u00f3n en\u00a0 Danza Contempor\u00e1nea, dictado por Jes\u00fas Guiraldi.<\/p>\n<p>Tambi\u00e9n se encontr\u00f3 con directivos y profesores del Instituto Superior de Formaci\u00f3n Docente en Arte N\u00b0 5074, donde colabor\u00f3 aportando un nuevo instrumento musical que necesitaban para la notable tarea que llevan adelante con j\u00f3venes.<\/p>\n<p>Durante la jornada la diputada Giaccone particip\u00f3 de entrevistas en distintos medios. As\u00ed lo hizo con los periodistas Alejandro D\u00edaz, de S\u00edntesis Regional; \u00a0Pepe S\u00e1nchez, en el programa Doble Media Hora; y con Gustavo Raffin, de Radio Diez 96.1.<\/p>\n<p><strong>LAS GARZAS<\/strong>. En instalaciones de la Biblioteca Popular \u00ab15 de Junio\u00bb se reuni\u00f3 con distintas instituciones de la comunidad, para conversar sobre sus actividades, problem\u00e1ticas y proyectos futuros.<\/p>\n<p><strong>LAS TOSCAS<\/strong>. Invitada por el profesor Hugo Rinessi, la diputada asisti\u00f3 en el Instituto Superior de Profesorado n\u00b0 63, a la presentaci\u00f3n del libro \u201cEl Control\u201d, escrito por Ra\u00fal Borsatti.<\/p>\n<p><strong>MALABRIGO<\/strong>. Junto al dirigente justicialista Claudio Tessini, estuvieron en el programa Panorama Local (de Canal 4), siendo entrevistados por el periodista C\u00e9sar Coronel.<\/p>\n<p><strong>VERA<\/strong>. Giaccone se encontr\u00f3 con integrantes de la \u201cAsociaci\u00f3n Civil La Quinta\u201d, quienes llevan adelante desde hace muchos a\u00f1os un excelente trabajo de voluntariado social y cultural.<\/p>\n<p><strong>CALCHAQU\u00cd<\/strong>. La diputada recibi\u00f3 a la prensa junto a Gladis Dimartino, hablando de la lista Unidos por Santa Fe y las propuestas que viene desarrollando desde la Legislatura santafesina.<\/p>\n<p><strong>ROMANG.<\/strong> El domingo a mediod\u00eda asisti\u00f3 a la celebraci\u00f3n del 55\u00b0 aniversario de casados de la China y el \u00d1ato Bieri, padres de Juanchi Bieri quien fuera un reconocido dirigente del peronismo local y acompa\u00f1ara a la diputada Giaccone en innumerables oportunidades.<\/p>\n<p><strong>SAN JAVIER. <\/strong>Con Juan Manuel Escobar fueron entrevistados por el periodista Ignacio L\u00f3pez; luego los recibieron en FM R\u00edo y Canal 2, de la localidad. A continuaci\u00f3n mantuvieron un encuentro con Mateo Marelli, candidato a intendente de la ciudad; y visitaron al atleta sanjavierino Felipe West.<\/p>\n<p><strong>COLONIA DOLORES<\/strong>. En la sede comunal, mantuvo charla con el presidente comunal Lucas Rom\u00e1n; y su colega de San Mart\u00edn Norte, Adri\u00e1n Scozzina. Hablaron de la situaci\u00f3n de ambas localidades del departamento San Justo, as\u00ed como de la regi\u00f3n.<\/p>\n<p><strong>SAN JOS\u00c9 DEL RINC\u00d3N. <\/strong>Giaccone mantuvo una conversaci\u00f3n sobre temas de la actualidad pol\u00edtica y las pr\u00f3ximas elecciones PASO en TeleCable Rinc\u00f3n.<\/p>\n<p>&nbsp;<\/p>\n","protected":false},"excerpt":{"rendered":"<p>La diputada provincial Claudia Giaccone, luego de la \u00faltima sesi\u00f3n extraordinaria de la C\u00e1mara de Diputados realizada el jueves 11 de abril, inici\u00f3 una recorrida por comunidades del centro y noreste santafesino. Es as\u00ed que durante los d\u00edas siguientes visit\u00f3 Recreo y Monte Vera (departamento La Capital); Reconquista, Las Garzas, Las Toscas y Malabrigo (departamento <a href=\"https:\/\/armstrongyregion.com.ar\/diario\/giaccone-recorrio-la-zona-costera-centro-y-noroeste-santafesino\/\" title=\"Read more\" >&#8230;<\/a><\/p>\n","protected":false},"author":1,"featured_media":21205,"comment_status":"open","ping_status":"open","sticky":false,"template":"","format":"standard","meta":{"_jetpack_memberships_contains_paid_content":false,"footnotes":"","jetpack_publicize_message":"","jetpack_publicize_feature_enabled":true,"jetpack_social_post_already_shared":false,"jetpack_social_options":{"image_generator_settings":{"template":"highway","default_image_id":0,"enabled":false},"version":2}},"categories":[8,1,7,3],"tags":[7780],"class_list":["post-21204","post","type-post","status-publish","format-standard","has-post-thumbnail","hentry","category-deliberando","category-diario-armstrong","category-politica","category-region","tag-giaccone-recorrio-la-zona-costera-centro-y-noroeste-santafesino"],"jetpack_publicize_connections":[],"jetpack_featured_media_url":"https:\/\/armstrongyregion.com.ar\/diario\/wp-content\/uploads\/2019\/04\/Recreo-entrega-de-antolog\u00edas.jpg","jetpack_shortlink":"https:\/\/wp.me\/p62QDO-5w0","jetpack_sharing_enabled":true,"amp_enabled":true,"_links":{"self":[{"href":"https:\/\/armstrongyregion.com.ar\/diario\/wp-json\/wp\/v2\/posts\/21204","targetHints":{"allow":["GET"]}}],"collection":[{"href":"https:\/\/armstrongyregion.com.ar\/diario\/wp-json\/wp\/v2\/posts"}],"about":[{"href":"https:\/\/armstrongyregion.com.ar\/diario\/wp-json\/wp\/v2\/types\/post"}],"author":[{"embeddable":true,"href":"https:\/\/armstrongyregion.com.ar\/diario\/wp-json\/wp\/v2\/users\/1"}],"replies":[{"embeddable":true,"href":"https:\/\/armstrongyregion.com.ar\/diario\/wp-json\/wp\/v2\/comments?post=21204"}],"version-history":[{"count":0,"href":"https:\/\/armstrongyregion.com.ar\/diario\/wp-json\/wp\/v2\/posts\/21204\/revisions"}],"wp:featuredmedia":[{"embeddable":true,"href":"https:\/\/armstrongyregion.com.ar\/diario\/wp-json\/wp\/v2\/media\/21205"}],"wp:attachment":[{"href":"https:\/\/armstrongyregion.com.ar\/diario\/wp-json\/wp\/v2\/media?parent=21204"}],"wp:term":[{"taxonomy":"category","embeddable":true,"href":"https:\/\/armstrongyregion.com.ar\/diario\/wp-json\/wp\/v2\/categories?post=21204"},{"taxonomy":"post_tag","embeddable":true,"href":"https:\/\/armstrongyregion.com.ar\/diario\/wp-json\/wp\/v2\/tags?post=21204"}],"curies":[{"name":"wp","href":"https:\/\/api.w.org\/{rel}","templated":true}]}}