{"id":2120,"date":"2015-05-11T23:50:33","date_gmt":"2015-05-11T23:50:33","guid":{"rendered":"https:\/\/armstrongyregion.com.ar\/diario\/?p=2120"},"modified":"2015-05-11T23:50:33","modified_gmt":"2015-05-11T23:50:33","slug":"se-presento-en-correa-el-plan-vuelvo-a-estudiar%e2%80%8f","status":"publish","type":"post","link":"https:\/\/armstrongyregion.com.ar\/diario\/se-presento-en-correa-el-plan-vuelvo-a-estudiar%e2%80%8f\/","title":{"rendered":"Se present\u00f3 en Correa el plan Vuelvo a Estudiar\u200f."},"content":{"rendered":"<p><a href=\"http:\/\/armstrongyregion.com.ar\/diario\/wp-content\/uploads\/2015\/05\/presentacionvuelvoaestudiarcorrea.jpg\"><img loading=\"lazy\" decoding=\"async\" src=\"http:\/\/armstrongyregion.com.ar\/diario\/wp-content\/uploads\/2015\/05\/presentacionvuelvoaestudiarcorrea-300x224.jpg\" alt=\"presentacionvuelvoaestudiarcorrea\" width=\"300\" height=\"224\" class=\"alignnone size-medium wp-image-2121\" srcset=\"https:\/\/armstrongyregion.com.ar\/diario\/wp-content\/uploads\/2015\/05\/presentacionvuelvoaestudiarcorrea-300x224.jpg 300w, https:\/\/armstrongyregion.com.ar\/diario\/wp-content\/uploads\/2015\/05\/presentacionvuelvoaestudiarcorrea.jpg 667w\" sizes=\"auto, (max-width: 300px) 100vw, 300px\" \/><\/a>La Ministra de Educaci\u00f3n del Gobierno de Santa Fe Claudia Balagu\u00e9 y el presidente comunal Fabi\u00e1n Cejas encabezaron este lunes la presentaci\u00f3n del plan Vuelvo a Estudiar, que comenzar\u00e1 a implementarse en la localidad. Adem\u00e1s, se anunciaron fondos para la Escuela N\u00ba 1290 \u00abAngelita Ag\u00fcero\u00bb.<br \/>\nEl acto se llev\u00f3 a cabo en las instalaciones del Centro Cultural Villa \u00c1ngela con la presencia de la Subsecretaria de Planificaci\u00f3n y Articulaci\u00f3n Educativa Carina Gerlero, el delegado de la regional educativa quinta Hugo Monta\u00f1ez, directivos, docentes y cooperadores de las distintas instituciones educativas de la localidad.<br \/>\n\u00abLa implementaci\u00f3n de este programa es un gran paso en la tarea de inclusi\u00f3n socioeducativa que llevamos adelante desde la Comuna en coordinaci\u00f3n permanente con el gobierno provincial, a cuyos funcionarios agradecemos el acompa\u00f1amiento y la presencia constante\u00bb, destac\u00f3 Cejas. A su turno, Balagu\u00e9 explic\u00f3 los alcances del plan Vuelvo a Estudiar, que desde 2013 permiti\u00f3 a 3.000 j\u00f3venes retomar sus estudios en escuelas secundarias, t\u00e9cnicas y EEMPA.<br \/>\nLa aplicaci\u00f3n del programa en Correa estar\u00e1 a cargo de un equipo interdisciplinario dependiente del \u00c1rea Social de la Comuna, quienes ya se encuentran trabajando junto a j\u00f3venes y familias de la localidad.<\/p>\n<p>Aportes para la Escuela N\u00ba 1290. Durante el acto, la ministra Balagu\u00e9 hizo entrega a la directora de la instituci\u00f3n Marisa Maggiolo de la resoluci\u00f3n provincial que formaliza la transferencia de un fondo de 289.919 pesos para trabajos en revestimiento, pisos y cielorrasos en el edificio de la escuela.<\/p>\n","protected":false},"excerpt":{"rendered":"<p>La Ministra de Educaci\u00f3n del Gobierno de Santa Fe Claudia Balagu\u00e9 y el presidente comunal Fabi\u00e1n Cejas encabezaron este lunes la presentaci\u00f3n del plan Vuelvo a Estudiar, que comenzar\u00e1 a implementarse en la localidad. Adem\u00e1s, se anunciaron fondos para la Escuela N\u00ba 1290 \u00abAngelita Ag\u00fcero\u00bb. El acto se llev\u00f3 a cabo en las instalaciones del <a href=\"https:\/\/armstrongyregion.com.ar\/diario\/se-presento-en-correa-el-plan-vuelvo-a-estudiar%e2%80%8f\/\" title=\"Read more\" >&#8230;<\/a><\/p>\n","protected":false},"author":2,"featured_media":2121,"comment_status":"open","ping_status":"open","sticky":false,"template":"","format":"standard","meta":{"_jetpack_memberships_contains_paid_content":false,"footnotes":"","jetpack_publicize_message":"","jetpack_publicize_feature_enabled":true,"jetpack_social_post_already_shared":false,"jetpack_social_options":{"image_generator_settings":{"template":"highway","default_image_id":0,"enabled":false},"version":2}},"categories":[1,3],"tags":[33,16,1682,177,1680,1681],"class_list":["post-2120","post","type-post","status-publish","format-standard","has-post-thumbnail","hentry","category-diario-armstrong","category-region","tag-a","tag-el","tag-estudiar","tag-plan","tag-se-presento-en-correa","tag-vuelvo"],"jetpack_publicize_connections":[],"jetpack_featured_media_url":"https:\/\/armstrongyregion.com.ar\/diario\/wp-content\/uploads\/2015\/05\/presentacionvuelvoaestudiarcorrea.jpg","jetpack_shortlink":"https:\/\/wp.me\/p62QDO-yc","jetpack_sharing_enabled":true,"amp_enabled":true,"_links":{"self":[{"href":"https:\/\/armstrongyregion.com.ar\/diario\/wp-json\/wp\/v2\/posts\/2120","targetHints":{"allow":["GET"]}}],"collection":[{"href":"https:\/\/armstrongyregion.com.ar\/diario\/wp-json\/wp\/v2\/posts"}],"about":[{"href":"https:\/\/armstrongyregion.com.ar\/diario\/wp-json\/wp\/v2\/types\/post"}],"author":[{"embeddable":true,"href":"https:\/\/armstrongyregion.com.ar\/diario\/wp-json\/wp\/v2\/users\/2"}],"replies":[{"embeddable":true,"href":"https:\/\/armstrongyregion.com.ar\/diario\/wp-json\/wp\/v2\/comments?post=2120"}],"version-history":[{"count":0,"href":"https:\/\/armstrongyregion.com.ar\/diario\/wp-json\/wp\/v2\/posts\/2120\/revisions"}],"wp:featuredmedia":[{"embeddable":true,"href":"https:\/\/armstrongyregion.com.ar\/diario\/wp-json\/wp\/v2\/media\/2121"}],"wp:attachment":[{"href":"https:\/\/armstrongyregion.com.ar\/diario\/wp-json\/wp\/v2\/media?parent=2120"}],"wp:term":[{"taxonomy":"category","embeddable":true,"href":"https:\/\/armstrongyregion.com.ar\/diario\/wp-json\/wp\/v2\/categories?post=2120"},{"taxonomy":"post_tag","embeddable":true,"href":"https:\/\/armstrongyregion.com.ar\/diario\/wp-json\/wp\/v2\/tags?post=2120"}],"curies":[{"name":"wp","href":"https:\/\/api.w.org\/{rel}","templated":true}]}}