{"id":21132,"date":"2019-04-10T13:14:47","date_gmt":"2019-04-10T13:14:47","guid":{"rendered":"https:\/\/armstrongyregion.com.ar\/diario\/?p=21132"},"modified":"2019-04-10T13:14:47","modified_gmt":"2019-04-10T13:14:47","slug":"encuentro-de-historiadores-de-la-region-sur-de-santa-fe","status":"publish","type":"post","link":"https:\/\/armstrongyregion.com.ar\/diario\/encuentro-de-historiadores-de-la-region-sur-de-santa-fe\/","title":{"rendered":"Encuentro de Historiadores de la Region Sur de Santa Fe."},"content":{"rendered":"<p><a href=\"http:\/\/armstrongyregion.com.ar\/diario\/wp-content\/uploads\/2019\/04\/historiadores-3-.jpg\"><img loading=\"lazy\" decoding=\"async\" class=\"alignnone size-full wp-image-21133\" src=\"http:\/\/armstrongyregion.com.ar\/diario\/wp-content\/uploads\/2019\/04\/historiadores-3-.jpg\" alt=\"historiadores-3-\" width=\"768\" height=\"517\" srcset=\"https:\/\/armstrongyregion.com.ar\/diario\/wp-content\/uploads\/2019\/04\/historiadores-3-.jpg 768w, https:\/\/armstrongyregion.com.ar\/diario\/wp-content\/uploads\/2019\/04\/historiadores-3--300x202.jpg 300w\" sizes=\"auto, (max-width: 768px) 100vw, 768px\" \/><\/a>Encabezan el Centro de Historiadores de la regi\u00f3n Sur de Santa Fe Isabel Cismondi, presidenta de la Biblioteca Popular Sarmiento junto al Lic. Diego Fontanesi.<\/p>\n<p><a href=\"http:\/\/armstrongyregion.com.ar\/diario\/wp-content\/uploads\/2019\/04\/Historiadores-1-.jpg\"><img loading=\"lazy\" decoding=\"async\" class=\"alignnone size-full wp-image-21134\" src=\"http:\/\/armstrongyregion.com.ar\/diario\/wp-content\/uploads\/2019\/04\/Historiadores-1-.jpg\" alt=\"Historiadores-1-\" width=\"960\" height=\"466\" srcset=\"https:\/\/armstrongyregion.com.ar\/diario\/wp-content\/uploads\/2019\/04\/Historiadores-1-.jpg 960w, https:\/\/armstrongyregion.com.ar\/diario\/wp-content\/uploads\/2019\/04\/Historiadores-1--300x146.jpg 300w\" sizes=\"auto, (max-width: 960px) 100vw, 960px\" \/><\/a>El pasado jueves se reunieron en el Museo Hist\u00f3rico Municipal, historiadores de nuestra regi\u00f3n, quienes trabajaran en conjunto para el pr\u00f3ximo 8 de junio, d\u00eda en que se llevara a cabo en nuestra ciudad dicho encuentro.<\/p>\n<p><a href=\"http:\/\/armstrongyregion.com.ar\/diario\/wp-content\/uploads\/2019\/04\/Historiadores-2-.jpg\"><img loading=\"lazy\" decoding=\"async\" class=\"alignnone size-full wp-image-21135\" src=\"http:\/\/armstrongyregion.com.ar\/diario\/wp-content\/uploads\/2019\/04\/Historiadores-2-.jpg\" alt=\"Historiadores-2-\" width=\"960\" height=\"466\" srcset=\"https:\/\/armstrongyregion.com.ar\/diario\/wp-content\/uploads\/2019\/04\/Historiadores-2-.jpg 960w, https:\/\/armstrongyregion.com.ar\/diario\/wp-content\/uploads\/2019\/04\/Historiadores-2--300x146.jpg 300w\" sizes=\"auto, (max-width: 960px) 100vw, 960px\" \/><\/a>El mismo se har\u00e1 de manera simult\u00e1nea en el Sal\u00f3n Auditorio Delmo Dar\u00f3, en el SUM de la Biblioteca y en SUMA (Auditorio de Cable Imagen Armstrong) donde los historiadores llevaran a cabo diversas exposiciones referidas a su lugar.<\/p>\n<p>&nbsp;<\/p>\n","protected":false},"excerpt":{"rendered":"<p>Encabezan el Centro de Historiadores de la regi\u00f3n Sur de Santa Fe Isabel Cismondi, presidenta de la Biblioteca Popular Sarmiento junto al Lic. Diego Fontanesi. El pasado jueves se reunieron en el Museo Hist\u00f3rico Municipal, historiadores de nuestra regi\u00f3n, quienes trabajaran en conjunto para el pr\u00f3ximo 8 de junio, d\u00eda en que se llevara a <a href=\"https:\/\/armstrongyregion.com.ar\/diario\/encuentro-de-historiadores-de-la-region-sur-de-santa-fe\/\" title=\"Read more\" >&#8230;<\/a><\/p>\n","protected":false},"author":1,"featured_media":21133,"comment_status":"open","ping_status":"open","sticky":false,"template":"","format":"standard","meta":{"_jetpack_memberships_contains_paid_content":false,"footnotes":"","jetpack_publicize_message":"","jetpack_publicize_feature_enabled":true,"jetpack_social_post_already_shared":false,"jetpack_social_options":{"image_generator_settings":{"template":"highway","default_image_id":0,"enabled":false},"version":2}},"categories":[6,8,1,2,7,3],"tags":[7757],"class_list":["post-21132","post","type-post","status-publish","format-standard","has-post-thumbnail","hentry","category-cultura-entretenimiento","category-deliberando","category-diario-armstrong","category-locales","category-politica","category-region","tag-encuentro-de-historiadores-de-la-region-sur-de-santa-fe"],"jetpack_publicize_connections":[],"jetpack_featured_media_url":"https:\/\/armstrongyregion.com.ar\/diario\/wp-content\/uploads\/2019\/04\/historiadores-3-.jpg","jetpack_shortlink":"https:\/\/wp.me\/p62QDO-5uQ","jetpack_sharing_enabled":true,"amp_enabled":true,"_links":{"self":[{"href":"https:\/\/armstrongyregion.com.ar\/diario\/wp-json\/wp\/v2\/posts\/21132","targetHints":{"allow":["GET"]}}],"collection":[{"href":"https:\/\/armstrongyregion.com.ar\/diario\/wp-json\/wp\/v2\/posts"}],"about":[{"href":"https:\/\/armstrongyregion.com.ar\/diario\/wp-json\/wp\/v2\/types\/post"}],"author":[{"embeddable":true,"href":"https:\/\/armstrongyregion.com.ar\/diario\/wp-json\/wp\/v2\/users\/1"}],"replies":[{"embeddable":true,"href":"https:\/\/armstrongyregion.com.ar\/diario\/wp-json\/wp\/v2\/comments?post=21132"}],"version-history":[{"count":0,"href":"https:\/\/armstrongyregion.com.ar\/diario\/wp-json\/wp\/v2\/posts\/21132\/revisions"}],"wp:featuredmedia":[{"embeddable":true,"href":"https:\/\/armstrongyregion.com.ar\/diario\/wp-json\/wp\/v2\/media\/21133"}],"wp:attachment":[{"href":"https:\/\/armstrongyregion.com.ar\/diario\/wp-json\/wp\/v2\/media?parent=21132"}],"wp:term":[{"taxonomy":"category","embeddable":true,"href":"https:\/\/armstrongyregion.com.ar\/diario\/wp-json\/wp\/v2\/categories?post=21132"},{"taxonomy":"post_tag","embeddable":true,"href":"https:\/\/armstrongyregion.com.ar\/diario\/wp-json\/wp\/v2\/tags?post=21132"}],"curies":[{"name":"wp","href":"https:\/\/api.w.org\/{rel}","templated":true}]}}