{"id":21128,"date":"2019-04-10T12:18:14","date_gmt":"2019-04-10T12:18:14","guid":{"rendered":"https:\/\/armstrongyregion.com.ar\/diario\/?p=21128"},"modified":"2019-04-10T12:18:14","modified_gmt":"2019-04-10T12:18:14","slug":"el-gobierno-de-santa-fe-define-la-nueva-oferta-a-docentes-y-estatales","status":"publish","type":"post","link":"https:\/\/armstrongyregion.com.ar\/diario\/el-gobierno-de-santa-fe-define-la-nueva-oferta-a-docentes-y-estatales\/","title":{"rendered":"El Gobierno de Santa Fe define la nueva oferta a docentes y estatales."},"content":{"rendered":"<p><a href=\"http:\/\/armstrongyregion.com.ar\/diario\/wp-content\/uploads\/2019\/04\/Paritarias-10-04-19.jpg\"><img loading=\"lazy\" decoding=\"async\" class=\"alignnone size-full wp-image-21130\" src=\"http:\/\/armstrongyregion.com.ar\/diario\/wp-content\/uploads\/2019\/04\/Paritarias-10-04-19.jpg\" alt=\"Paritarias-10-04-19\" width=\"768\" height=\"432\" srcset=\"https:\/\/armstrongyregion.com.ar\/diario\/wp-content\/uploads\/2019\/04\/Paritarias-10-04-19.jpg 768w, https:\/\/armstrongyregion.com.ar\/diario\/wp-content\/uploads\/2019\/04\/Paritarias-10-04-19-300x169.jpg 300w\" sizes=\"auto, (max-width: 768px) 100vw, 768px\" \/><\/a>Con la mirada puesta en evitar que se convoquen a nuevas medidas de fuerza, el gobierno de\u00a0<strong>Miguel Lifschitz\u00a0<\/strong>abri\u00f3\u00a0la semana intentando resolver la negociaci\u00f3n paritaria, pero\u00a0<strong>la discusi\u00f3n pas\u00f3 a cuarto intermedio este lunes sin propuestas concretas<\/strong>\u00a0a los gremios docentes y de la administraci\u00f3n central.<\/p>\n<p>Desde la<strong>\u00a0<\/strong>Uni\u00f3n de Personal Civil de la Naci\u00f3n (UPCN) y de la Asociaci\u00f3n de Trabajadores del Estado (ATE) se\u00f1alaron que \u201c<strong>faltan ajustar puntos\u201d y que a\u00fan no hay acuerdo sobre la oferta<\/strong>\u00a0que deber\u00e1n analizar los afiliados a ambas organizaciones sindicales. Minutos antes,\u00a0referentes de Amsafe se expresaron en el mismo sentido y la secretaria general\u00a0<strong>Sonia Alesso<\/strong>\u00a0agreg\u00f3 que est\u00e1n \u201cmuy preocupados\u201d por las denuncias sobre fumigaciones cerca de las escuelas.<\/p>\n<p>\u201cEstamos discutiendo los tramos finales de c\u00f3mo se va a redactar esta propuesta\u201d, detall\u00f3\u00a0<strong>Jorge Molina<\/strong>, representante de UPCN. Respecto de esa definici\u00f3n, confirm\u00f3 que\u00a0<strong>fueron citados nuevamente para este martes a las 10<\/strong>\u00a0en el Ministerio de Gobierno y Reforma del Estado.<\/p>\n<p><strong>Los maestros se retiraron con una invitaci\u00f3n similar<\/strong>\u200b, de modo que esa paritaria se reanudar\u00e1 a las 9.30 en la sede del Ministerio de Trabajo y Seguridad Social.<\/p>\n<p>Cabe recordar que la semana pasada las autoridades provinciales\u00a0<a href=\"http:\/\/viapais.com.ar\/santa-fe\/941900-se-retoma-la-paritaria-pero-solo-con-los-estatales-de-la-administracion-central\/\" target=\"_blank\">se reunieron con los estatales<\/a>, a quienes<strong>\u00a0se habr\u00eda presentado una mejor oferta<\/strong>\u00a0tanto en porcentaje de incremento como en modalidad de aplicaci\u00f3n de la cl\u00e1usula gatillo.<strong>\u00a0<\/strong>Sin embargo no trascendieron los detalles. Este acercamiento dej\u00f3 conformes a ambas partes que conf\u00edan en llegar a un acuerdo en breve.<\/p>\n<p>Distinta es la situaci\u00f3n de los maestros, que luego de la\u00a0<a href=\"https:\/\/viapais.com.ar\/santa-fe\/945460-los-maestros-inician-un-paro-por-48-horas-a-la-espera-de-una-nueva-reunion\/\" target=\"_blank\">tercera jornada de paro por 48 horas<\/a><strong><a href=\"https:\/\/viapais.com.ar\/santa-fe\/945460-los-maestros-inician-un-paro-por-48-horas-a-la-espera-de-una-nueva-reunion\/\" target=\"_blank\">\u00a0<\/a><\/strong>hab\u00edan cortado\u00a0todo v\u00ednculo con la Provincia\u00a0y\u00a0<strong>est\u00e1n atrasados respecto a la negociaci\u00f3n<\/strong>\u200b despu\u00e9s de ocho d\u00edas de paro.<\/p>\n<p>Viapais.com<\/p>\n","protected":false},"excerpt":{"rendered":"<p>Con la mirada puesta en evitar que se convoquen a nuevas medidas de fuerza, el gobierno de\u00a0Miguel Lifschitz\u00a0abri\u00f3\u00a0la semana intentando resolver la negociaci\u00f3n paritaria, pero\u00a0la discusi\u00f3n pas\u00f3 a cuarto intermedio este lunes sin propuestas concretas\u00a0a los gremios docentes y de la administraci\u00f3n central. Desde la\u00a0Uni\u00f3n de Personal Civil de la Naci\u00f3n (UPCN) y de la <a href=\"https:\/\/armstrongyregion.com.ar\/diario\/el-gobierno-de-santa-fe-define-la-nueva-oferta-a-docentes-y-estatales\/\" title=\"Read more\" >&#8230;<\/a><\/p>\n","protected":false},"author":1,"featured_media":21130,"comment_status":"open","ping_status":"open","sticky":false,"template":"","format":"standard","meta":{"_jetpack_memberships_contains_paid_content":false,"footnotes":"","jetpack_publicize_message":"","jetpack_publicize_feature_enabled":true,"jetpack_social_post_already_shared":false,"jetpack_social_options":{"image_generator_settings":{"template":"highway","default_image_id":0,"enabled":false},"version":2}},"categories":[8,1,2,7,3],"tags":[7756],"class_list":["post-21128","post","type-post","status-publish","format-standard","has-post-thumbnail","hentry","category-deliberando","category-diario-armstrong","category-locales","category-politica","category-region","tag-el-gobierno-de-santa-fe-define-la-nueva-oferta-a-docentes-y-estatales"],"jetpack_publicize_connections":[],"jetpack_featured_media_url":"https:\/\/armstrongyregion.com.ar\/diario\/wp-content\/uploads\/2019\/04\/Paritarias-10-04-19.jpg","jetpack_shortlink":"https:\/\/wp.me\/p62QDO-5uM","jetpack_sharing_enabled":true,"amp_enabled":true,"_links":{"self":[{"href":"https:\/\/armstrongyregion.com.ar\/diario\/wp-json\/wp\/v2\/posts\/21128","targetHints":{"allow":["GET"]}}],"collection":[{"href":"https:\/\/armstrongyregion.com.ar\/diario\/wp-json\/wp\/v2\/posts"}],"about":[{"href":"https:\/\/armstrongyregion.com.ar\/diario\/wp-json\/wp\/v2\/types\/post"}],"author":[{"embeddable":true,"href":"https:\/\/armstrongyregion.com.ar\/diario\/wp-json\/wp\/v2\/users\/1"}],"replies":[{"embeddable":true,"href":"https:\/\/armstrongyregion.com.ar\/diario\/wp-json\/wp\/v2\/comments?post=21128"}],"version-history":[{"count":0,"href":"https:\/\/armstrongyregion.com.ar\/diario\/wp-json\/wp\/v2\/posts\/21128\/revisions"}],"wp:featuredmedia":[{"embeddable":true,"href":"https:\/\/armstrongyregion.com.ar\/diario\/wp-json\/wp\/v2\/media\/21130"}],"wp:attachment":[{"href":"https:\/\/armstrongyregion.com.ar\/diario\/wp-json\/wp\/v2\/media?parent=21128"}],"wp:term":[{"taxonomy":"category","embeddable":true,"href":"https:\/\/armstrongyregion.com.ar\/diario\/wp-json\/wp\/v2\/categories?post=21128"},{"taxonomy":"post_tag","embeddable":true,"href":"https:\/\/armstrongyregion.com.ar\/diario\/wp-json\/wp\/v2\/tags?post=21128"}],"curies":[{"name":"wp","href":"https:\/\/api.w.org\/{rel}","templated":true}]}}