{"id":21117,"date":"2019-04-09T14:57:16","date_gmt":"2019-04-09T14:57:16","guid":{"rendered":"https:\/\/armstrongyregion.com.ar\/diario\/?p=21117"},"modified":"2019-04-09T15:00:32","modified_gmt":"2019-04-09T15:00:32","slug":"deliberando-hoy-precandidatos-y-actualidad-de-la-ciudad-de-las-rosas","status":"publish","type":"post","link":"https:\/\/armstrongyregion.com.ar\/diario\/deliberando-hoy-precandidatos-y-actualidad-de-la-ciudad-de-las-rosas\/","title":{"rendered":"Deliberando: Hoy Precandidatos y actualidad de la ciudad de Las Rosas."},"content":{"rendered":"<p><a href=\"http:\/\/armstrongyregion.com.ar\/diario\/wp-content\/uploads\/2019\/04\/Raul-ponzio-abril19.jpg\"><img loading=\"lazy\" decoding=\"async\" class=\"alignnone size-full wp-image-21118\" src=\"http:\/\/armstrongyregion.com.ar\/diario\/wp-content\/uploads\/2019\/04\/Raul-ponzio-abril19.jpg\" alt=\"Raul-ponzio- abril19\" width=\"768\" height=\"559\" srcset=\"https:\/\/armstrongyregion.com.ar\/diario\/wp-content\/uploads\/2019\/04\/Raul-ponzio-abril19.jpg 768w, https:\/\/armstrongyregion.com.ar\/diario\/wp-content\/uploads\/2019\/04\/Raul-ponzio-abril19-300x218.jpg 300w\" sizes=\"auto, (max-width: 768px) 100vw, 768px\" \/><\/a>Hoy en DELIBERANDO, contin\u00faan participando precandidatos de cara a las pr\u00f3ximas elecciones legislativas.<\/p>\n<p>Ra\u00fal Ponzio, precandidato a senador suplente de la l\u00ednea de Alberto Crossetti, nos contara sobre los proyectos a concretar en el caso de que ganen la senadur\u00eda.<\/p>\n<p><a href=\"http:\/\/armstrongyregion.com.ar\/diario\/wp-content\/uploads\/2019\/04\/javier-meyer-9-de-abril-.jpg\"><img loading=\"lazy\" decoding=\"async\" class=\"alignnone size-full wp-image-21119\" src=\"http:\/\/armstrongyregion.com.ar\/diario\/wp-content\/uploads\/2019\/04\/javier-meyer-9-de-abril-.jpg\" alt=\"javier-meyer-9-de-abril-\" width=\"768\" height=\"513\" srcset=\"https:\/\/armstrongyregion.com.ar\/diario\/wp-content\/uploads\/2019\/04\/javier-meyer-9-de-abril-.jpg 768w, https:\/\/armstrongyregion.com.ar\/diario\/wp-content\/uploads\/2019\/04\/javier-meyer-9-de-abril--300x200.jpg 300w\" sizes=\"auto, (max-width: 768px) 100vw, 768px\" \/><\/a>Javier Meyer, intendente de la localidad de Las Rosas, culmina su primer mandato este a\u00f1o y va por el segundo, que obras le qued\u00f3 pendiente al equipo de Unidad Rosense, cu\u00e1l es su visi\u00f3n sobre las candidaturas legislativas? A que precandidato a senador votar\u00eda?<\/p>\n<p><a href=\"http:\/\/armstrongyregion.com.ar\/diario\/wp-content\/uploads\/2019\/04\/Leoncini-.jpg\"><img loading=\"lazy\" decoding=\"async\" class=\"alignnone size-full wp-image-21120\" src=\"http:\/\/armstrongyregion.com.ar\/diario\/wp-content\/uploads\/2019\/04\/Leoncini-.jpg\" alt=\"Leoncini-\" width=\"768\" height=\"502\" srcset=\"https:\/\/armstrongyregion.com.ar\/diario\/wp-content\/uploads\/2019\/04\/Leoncini-.jpg 768w, https:\/\/armstrongyregion.com.ar\/diario\/wp-content\/uploads\/2019\/04\/Leoncini--300x196.jpg 300w\" sizes=\"auto, (max-width: 768px) 100vw, 768px\" \/><\/a>En \u00faltima instancia, compartiremos un bloque con el precandidato a Senador por la l\u00ednea de \u201cCambiemos\u201d Roberto Leoncini, quien en una charla muy amena nos contara que lo impulso a participar activamente en politica, que proyectos llevar\u00eda a cabo en el caso de ser electo, quienes lo acompa\u00f1an\u2026<\/p>\n<p>Martes 9 de abril, 21hs, por Cable Imagen Armstrong.<\/p>\n<p>&nbsp;<\/p>\n","protected":false},"excerpt":{"rendered":"<p>Hoy en DELIBERANDO, contin\u00faan participando precandidatos de cara a las pr\u00f3ximas elecciones legislativas. Ra\u00fal Ponzio, precandidato a senador suplente de la l\u00ednea de Alberto Crossetti, nos contara sobre los proyectos a concretar en el caso de que ganen la senadur\u00eda. Javier Meyer, intendente de la localidad de Las Rosas, culmina su primer mandato este a\u00f1o <a href=\"https:\/\/armstrongyregion.com.ar\/diario\/deliberando-hoy-precandidatos-y-actualidad-de-la-ciudad-de-las-rosas\/\" title=\"Read more\" >&#8230;<\/a><\/p>\n","protected":false},"author":1,"featured_media":21118,"comment_status":"open","ping_status":"open","sticky":false,"template":"","format":"standard","meta":{"_jetpack_memberships_contains_paid_content":false,"footnotes":"","jetpack_publicize_message":"","jetpack_publicize_feature_enabled":true,"jetpack_social_post_already_shared":false,"jetpack_social_options":{"image_generator_settings":{"template":"highway","default_image_id":0,"enabled":false},"version":2}},"categories":[8,1,2,7,3],"tags":[7754],"class_list":["post-21117","post","type-post","status-publish","format-standard","has-post-thumbnail","hentry","category-deliberando","category-diario-armstrong","category-locales","category-politica","category-region","tag-deliberando-hoy-precandidatos-y-actualidad-de-la-ciudad-de-las-rosas"],"jetpack_publicize_connections":[],"jetpack_featured_media_url":"https:\/\/armstrongyregion.com.ar\/diario\/wp-content\/uploads\/2019\/04\/Raul-ponzio-abril19.jpg","jetpack_shortlink":"https:\/\/wp.me\/p62QDO-5uB","jetpack_sharing_enabled":true,"amp_enabled":true,"_links":{"self":[{"href":"https:\/\/armstrongyregion.com.ar\/diario\/wp-json\/wp\/v2\/posts\/21117","targetHints":{"allow":["GET"]}}],"collection":[{"href":"https:\/\/armstrongyregion.com.ar\/diario\/wp-json\/wp\/v2\/posts"}],"about":[{"href":"https:\/\/armstrongyregion.com.ar\/diario\/wp-json\/wp\/v2\/types\/post"}],"author":[{"embeddable":true,"href":"https:\/\/armstrongyregion.com.ar\/diario\/wp-json\/wp\/v2\/users\/1"}],"replies":[{"embeddable":true,"href":"https:\/\/armstrongyregion.com.ar\/diario\/wp-json\/wp\/v2\/comments?post=21117"}],"version-history":[{"count":0,"href":"https:\/\/armstrongyregion.com.ar\/diario\/wp-json\/wp\/v2\/posts\/21117\/revisions"}],"wp:featuredmedia":[{"embeddable":true,"href":"https:\/\/armstrongyregion.com.ar\/diario\/wp-json\/wp\/v2\/media\/21118"}],"wp:attachment":[{"href":"https:\/\/armstrongyregion.com.ar\/diario\/wp-json\/wp\/v2\/media?parent=21117"}],"wp:term":[{"taxonomy":"category","embeddable":true,"href":"https:\/\/armstrongyregion.com.ar\/diario\/wp-json\/wp\/v2\/categories?post=21117"},{"taxonomy":"post_tag","embeddable":true,"href":"https:\/\/armstrongyregion.com.ar\/diario\/wp-json\/wp\/v2\/tags?post=21117"}],"curies":[{"name":"wp","href":"https:\/\/api.w.org\/{rel}","templated":true}]}}