{"id":21089,"date":"2019-04-08T14:25:54","date_gmt":"2019-04-08T14:25:54","guid":{"rendered":"https:\/\/armstrongyregion.com.ar\/diario\/?p=21089"},"modified":"2019-04-08T14:25:54","modified_gmt":"2019-04-08T14:25:54","slug":"tu-cielo-charla-y-observacion-astronomica-en-canada","status":"publish","type":"post","link":"https:\/\/armstrongyregion.com.ar\/diario\/tu-cielo-charla-y-observacion-astronomica-en-canada\/","title":{"rendered":"\u201cTu Cielo\u201d: charla y observaci\u00f3n astron\u00f3mica en Ca\u00f1ada."},"content":{"rendered":"<div id=\"attachment_21090\" style=\"width: 610px\" class=\"wp-caption alignnone\"><a href=\"http:\/\/armstrongyregion.com.ar\/diario\/wp-content\/uploads\/2019\/04\/Tu-cielo-Ca\u00f1ada-de-G\u00f3mez-2.jpg\"><img loading=\"lazy\" decoding=\"async\" aria-describedby=\"caption-attachment-21090\" class=\"size-full wp-image-21090\" src=\"http:\/\/armstrongyregion.com.ar\/diario\/wp-content\/uploads\/2019\/04\/Tu-cielo-Ca\u00f1ada-de-G\u00f3mez-2.jpg\" alt=\"Tu cielo totoras\" width=\"600\" height=\"601\" srcset=\"https:\/\/armstrongyregion.com.ar\/diario\/wp-content\/uploads\/2019\/04\/Tu-cielo-Ca\u00f1ada-de-G\u00f3mez-2.jpg 600w, https:\/\/armstrongyregion.com.ar\/diario\/wp-content\/uploads\/2019\/04\/Tu-cielo-Ca\u00f1ada-de-G\u00f3mez-2-150x150.jpg 150w, https:\/\/armstrongyregion.com.ar\/diario\/wp-content\/uploads\/2019\/04\/Tu-cielo-Ca\u00f1ada-de-G\u00f3mez-2-300x300.jpg 300w, https:\/\/armstrongyregion.com.ar\/diario\/wp-content\/uploads\/2019\/04\/Tu-cielo-Ca\u00f1ada-de-G\u00f3mez-2-144x144.jpg 144w\" sizes=\"auto, (max-width: 600px) 100vw, 600px\" \/><\/a><p id=\"caption-attachment-21090\" class=\"wp-caption-text\">Tu cielo totoras<\/p><\/div>\n<p>Este mi\u00e9rcoles a las 19.30 hs. \u201cTu Cielo\u201d, el ciclo de charlas y observaciones con telescopios organizado por Hugo Jes\u00fas Rasetto, llega a Ca\u00f1ada de G\u00f3mez.<\/p>\n<p>La cita ser\u00e1 en el predio del club Newell\u00b4s old Boys y tendr\u00e1 una parte de charla con proyeci\u00f3n dentro del quincho y otra de observaci\u00f3n mediante los telescopios al aire libre, por lo que se recomienda llevar abrigo.<\/p>\n<p>&nbsp;<\/p>\n<p>La actividad tendr\u00e1 a Sergio Galarza como docente a cargo de los contenidos, y en esta oportunidad ser\u00e1 organizada en forma conjunta por el club Newell\u00b4s y el Senador Hugo Jes\u00fas Rasetto.<\/p>\n<p>&nbsp;<\/p>\n","protected":false},"excerpt":{"rendered":"<p>Este mi\u00e9rcoles a las 19.30 hs. \u201cTu Cielo\u201d, el ciclo de charlas y observaciones con telescopios organizado por Hugo Jes\u00fas Rasetto, llega a Ca\u00f1ada de G\u00f3mez. La cita ser\u00e1 en el predio del club Newell\u00b4s old Boys y tendr\u00e1 una parte de charla con proyeci\u00f3n dentro del quincho y otra de observaci\u00f3n mediante los telescopios <a href=\"https:\/\/armstrongyregion.com.ar\/diario\/tu-cielo-charla-y-observacion-astronomica-en-canada\/\" title=\"Read more\" >&#8230;<\/a><\/p>\n","protected":false},"author":1,"featured_media":21090,"comment_status":"open","ping_status":"open","sticky":false,"template":"","format":"standard","meta":{"_jetpack_memberships_contains_paid_content":false,"footnotes":"","jetpack_publicize_message":"","jetpack_publicize_feature_enabled":true,"jetpack_social_post_already_shared":false,"jetpack_social_options":{"image_generator_settings":{"template":"highway","default_image_id":0,"enabled":false},"version":2}},"categories":[8,1,3],"tags":[7743],"class_list":["post-21089","post","type-post","status-publish","format-standard","has-post-thumbnail","hentry","category-deliberando","category-diario-armstrong","category-region","tag-tu-cielo-charla-y-observacion-astronomica-en-canada"],"jetpack_publicize_connections":[],"jetpack_featured_media_url":"https:\/\/armstrongyregion.com.ar\/diario\/wp-content\/uploads\/2019\/04\/Tu-cielo-Ca\u00f1ada-de-G\u00f3mez-2.jpg","jetpack_shortlink":"https:\/\/wp.me\/p62QDO-5u9","jetpack_sharing_enabled":true,"amp_enabled":true,"_links":{"self":[{"href":"https:\/\/armstrongyregion.com.ar\/diario\/wp-json\/wp\/v2\/posts\/21089","targetHints":{"allow":["GET"]}}],"collection":[{"href":"https:\/\/armstrongyregion.com.ar\/diario\/wp-json\/wp\/v2\/posts"}],"about":[{"href":"https:\/\/armstrongyregion.com.ar\/diario\/wp-json\/wp\/v2\/types\/post"}],"author":[{"embeddable":true,"href":"https:\/\/armstrongyregion.com.ar\/diario\/wp-json\/wp\/v2\/users\/1"}],"replies":[{"embeddable":true,"href":"https:\/\/armstrongyregion.com.ar\/diario\/wp-json\/wp\/v2\/comments?post=21089"}],"version-history":[{"count":0,"href":"https:\/\/armstrongyregion.com.ar\/diario\/wp-json\/wp\/v2\/posts\/21089\/revisions"}],"wp:featuredmedia":[{"embeddable":true,"href":"https:\/\/armstrongyregion.com.ar\/diario\/wp-json\/wp\/v2\/media\/21090"}],"wp:attachment":[{"href":"https:\/\/armstrongyregion.com.ar\/diario\/wp-json\/wp\/v2\/media?parent=21089"}],"wp:term":[{"taxonomy":"category","embeddable":true,"href":"https:\/\/armstrongyregion.com.ar\/diario\/wp-json\/wp\/v2\/categories?post=21089"},{"taxonomy":"post_tag","embeddable":true,"href":"https:\/\/armstrongyregion.com.ar\/diario\/wp-json\/wp\/v2\/tags?post=21089"}],"curies":[{"name":"wp","href":"https:\/\/api.w.org\/{rel}","templated":true}]}}