{"id":21074,"date":"2019-04-07T21:51:46","date_gmt":"2019-04-07T21:51:46","guid":{"rendered":"https:\/\/armstrongyregion.com.ar\/diario\/?p=21074"},"modified":"2019-04-07T21:51:46","modified_gmt":"2019-04-07T21:51:46","slug":"preocupacion-por-la-situacion-de-la-fabrica-de-ceramicas-verbano","status":"publish","type":"post","link":"https:\/\/armstrongyregion.com.ar\/diario\/preocupacion-por-la-situacion-de-la-fabrica-de-ceramicas-verbano\/","title":{"rendered":"Preocupaci\u00f3n por la situaci\u00f3n de la Fabrica de Cer\u00e1micas Verbano."},"content":{"rendered":"<p><a href=\"http:\/\/armstrongyregion.com.ar\/diario\/wp-content\/uploads\/2018\/11\/Giaccone-prensa-1.jpg\"><img loading=\"lazy\" decoding=\"async\" class=\"alignnone size-full wp-image-19522\" src=\"http:\/\/armstrongyregion.com.ar\/diario\/wp-content\/uploads\/2018\/11\/Giaccone-prensa-1.jpg\" alt=\"Giaccone prensa (1)\" width=\"768\" height=\"574\" srcset=\"https:\/\/armstrongyregion.com.ar\/diario\/wp-content\/uploads\/2018\/11\/Giaccone-prensa-1.jpg 768w, https:\/\/armstrongyregion.com.ar\/diario\/wp-content\/uploads\/2018\/11\/Giaccone-prensa-1-300x224.jpg 300w\" sizes=\"auto, (max-width: 768px) 100vw, 768px\" \/><\/a>La diputada provincial Claudia Giaccone present\u00f3, en la C\u00e1mara de Diputados de Santa Te, un<strong> Proyecto de Comunicaci\u00f3n<\/strong> manifestando la preocupaci\u00f3n, absoluta solidaridad y respaldo a los trabajadores de la F\u00e1brica de Cer\u00e1micas Verbano -de Capit\u00e1n Berm\u00fadez-, que sufren la suspensi\u00f3n en su trabajo por 30 d\u00edas y la incertidumbre laboral que eso genera producto de la crisis econ\u00f3mica que atraviesa la empresa y la econom\u00eda en general.<\/p>\n<p><em>\u201cCreemos que a trav\u00e9s de las herramientas que posee el Ejecutivo Provincial, puede eximir del pago de impuesto inmobiliario, luz y agua\u201d, <\/em>expresa Giaccone.<em> \u201cEllo puede aportar a una soluci\u00f3n moment\u00e1nea buscando sostener la fuente de trabajo\u201d.<\/em><\/p>\n<p>Propone tambi\u00e9n que se exima del pago de estas contribuciones a todos los empleados mientras dure la suspensi\u00f3n; y que incluya a Verbano como \u00a0proveedora de los organismos del Estado Provincial.<\/p>\n<p>Para ponerse a disposici\u00f3n y comentar esta propuesta presentada, el 3 de abril la diputada Giaccone visit\u00f3 el Sindicato Ceramistas Filial Capit\u00e1n Berm\u00fadez, conversando con delegados sindicales sobre la dif\u00edcil situaci\u00f3n del sector.<\/p>\n","protected":false},"excerpt":{"rendered":"<p>La diputada provincial Claudia Giaccone present\u00f3, en la C\u00e1mara de Diputados de Santa Te, un Proyecto de Comunicaci\u00f3n manifestando la preocupaci\u00f3n, absoluta solidaridad y respaldo a los trabajadores de la F\u00e1brica de Cer\u00e1micas Verbano -de Capit\u00e1n Berm\u00fadez-, que sufren la suspensi\u00f3n en su trabajo por 30 d\u00edas y la incertidumbre laboral que eso genera producto <a href=\"https:\/\/armstrongyregion.com.ar\/diario\/preocupacion-por-la-situacion-de-la-fabrica-de-ceramicas-verbano\/\" title=\"Read more\" >&#8230;<\/a><\/p>\n","protected":false},"author":1,"featured_media":19522,"comment_status":"open","ping_status":"open","sticky":false,"template":"","format":"standard","meta":{"_jetpack_memberships_contains_paid_content":false,"footnotes":"","jetpack_publicize_message":"","jetpack_publicize_feature_enabled":true,"jetpack_social_post_already_shared":false,"jetpack_social_options":{"image_generator_settings":{"template":"highway","default_image_id":0,"enabled":false},"version":2}},"categories":[8,1,2,7],"tags":[7738],"class_list":["post-21074","post","type-post","status-publish","format-standard","has-post-thumbnail","hentry","category-deliberando","category-diario-armstrong","category-locales","category-politica","tag-preocupacion-por-la-situacion-de-la-fabrica-de-ceramicas-verbano"],"jetpack_publicize_connections":[],"jetpack_featured_media_url":"https:\/\/armstrongyregion.com.ar\/diario\/wp-content\/uploads\/2018\/11\/Giaccone-prensa-1.jpg","jetpack_shortlink":"https:\/\/wp.me\/p62QDO-5tU","jetpack_sharing_enabled":true,"amp_enabled":true,"_links":{"self":[{"href":"https:\/\/armstrongyregion.com.ar\/diario\/wp-json\/wp\/v2\/posts\/21074","targetHints":{"allow":["GET"]}}],"collection":[{"href":"https:\/\/armstrongyregion.com.ar\/diario\/wp-json\/wp\/v2\/posts"}],"about":[{"href":"https:\/\/armstrongyregion.com.ar\/diario\/wp-json\/wp\/v2\/types\/post"}],"author":[{"embeddable":true,"href":"https:\/\/armstrongyregion.com.ar\/diario\/wp-json\/wp\/v2\/users\/1"}],"replies":[{"embeddable":true,"href":"https:\/\/armstrongyregion.com.ar\/diario\/wp-json\/wp\/v2\/comments?post=21074"}],"version-history":[{"count":0,"href":"https:\/\/armstrongyregion.com.ar\/diario\/wp-json\/wp\/v2\/posts\/21074\/revisions"}],"wp:featuredmedia":[{"embeddable":true,"href":"https:\/\/armstrongyregion.com.ar\/diario\/wp-json\/wp\/v2\/media\/19522"}],"wp:attachment":[{"href":"https:\/\/armstrongyregion.com.ar\/diario\/wp-json\/wp\/v2\/media?parent=21074"}],"wp:term":[{"taxonomy":"category","embeddable":true,"href":"https:\/\/armstrongyregion.com.ar\/diario\/wp-json\/wp\/v2\/categories?post=21074"},{"taxonomy":"post_tag","embeddable":true,"href":"https:\/\/armstrongyregion.com.ar\/diario\/wp-json\/wp\/v2\/tags?post=21074"}],"curies":[{"name":"wp","href":"https:\/\/api.w.org\/{rel}","templated":true}]}}