{"id":21013,"date":"2019-04-02T12:46:11","date_gmt":"2019-04-02T12:46:11","guid":{"rendered":"https:\/\/armstrongyregion.com.ar\/diario\/?p=21013"},"modified":"2019-04-02T12:46:11","modified_gmt":"2019-04-02T12:46:11","slug":"armstrong-nuevo-espacio-cultural-bemba-colora","status":"publish","type":"post","link":"https:\/\/armstrongyregion.com.ar\/diario\/armstrong-nuevo-espacio-cultural-bemba-colora\/","title":{"rendered":"Armstrong. Nuevo espacio cultural \u00abBemba Colora\u00bb."},"content":{"rendered":"<p><a href=\"http:\/\/armstrongyregion.com.ar\/diario\/wp-content\/uploads\/2018\/06\/bemba-colora.jpg\"><img loading=\"lazy\" decoding=\"async\" class=\"alignnone size-full wp-image-17656\" src=\"http:\/\/armstrongyregion.com.ar\/diario\/wp-content\/uploads\/2018\/06\/bemba-colora.jpg\" alt=\"bemba-colora\" width=\"768\" height=\"524\" srcset=\"https:\/\/armstrongyregion.com.ar\/diario\/wp-content\/uploads\/2018\/06\/bemba-colora.jpg 768w, https:\/\/armstrongyregion.com.ar\/diario\/wp-content\/uploads\/2018\/06\/bemba-colora-300x205.jpg 300w\" sizes=\"auto, (max-width: 768px) 100vw, 768px\" \/><\/a>Despu\u00e9s de 23 a\u00f1os como grupo de danza, Bemba Color\u00e1 cre\u00f3 su propio espacio cultural. Un lugar de encuentro donde se pueden realizar diversos talleres relacionados con el arte y la cultura. Quienes quieran tener mas informaci\u00f3n y sumarse a las clases que ofrece el nuevo espacio, deben llegarse a Fischer y Pte. Per\u00f3n o comunicarse al 3471 673117.<\/p>\n<p><iframe loading=\"lazy\" width=\"800\" height=\"600\" src=\"https:\/\/www.youtube.com\/embed\/mPmsBtoRmUM?feature=oembed\" frameborder=\"0\" allow=\"accelerometer; autoplay; encrypted-media; gyroscope; picture-in-picture\" allowfullscreen><\/iframe><\/p>\n<p>Fuente: Actualidad Informativa.<\/p>\n","protected":false},"excerpt":{"rendered":"<p>Despu\u00e9s de 23 a\u00f1os como grupo de danza, Bemba Color\u00e1 cre\u00f3 su propio espacio cultural. Un lugar de encuentro donde se pueden realizar diversos talleres relacionados con el arte y la cultura. Quienes quieran tener mas informaci\u00f3n y sumarse a las clases que ofrece el nuevo espacio, deben llegarse a Fischer y Pte. Per\u00f3n o <a href=\"https:\/\/armstrongyregion.com.ar\/diario\/armstrong-nuevo-espacio-cultural-bemba-colora\/\" title=\"Read more\" >&#8230;<\/a><\/p>\n","protected":false},"author":1,"featured_media":15919,"comment_status":"open","ping_status":"open","sticky":false,"template":"","format":"standard","meta":{"_jetpack_memberships_contains_paid_content":false,"footnotes":"","jetpack_publicize_message":"","jetpack_publicize_feature_enabled":true,"jetpack_social_post_already_shared":false,"jetpack_social_options":{"image_generator_settings":{"template":"highway","default_image_id":0,"enabled":false},"version":2}},"categories":[6,8,1,2,3],"tags":[20,3974,3975,388,13],"class_list":["post-21013","post","type-post","status-publish","format-standard","has-post-thumbnail","hentry","category-cultura-entretenimiento","category-deliberando","category-diario-armstrong","category-locales","category-region","tag-armstrong","tag-bemba","tag-colora","tag-region-2","tag-y"],"jetpack_publicize_connections":[],"jetpack_featured_media_url":"https:\/\/armstrongyregion.com.ar\/diario\/wp-content\/uploads\/2018\/01\/bemba-colora-.jpg","jetpack_shortlink":"https:\/\/wp.me\/p62QDO-5sV","jetpack_sharing_enabled":true,"amp_enabled":true,"_links":{"self":[{"href":"https:\/\/armstrongyregion.com.ar\/diario\/wp-json\/wp\/v2\/posts\/21013","targetHints":{"allow":["GET"]}}],"collection":[{"href":"https:\/\/armstrongyregion.com.ar\/diario\/wp-json\/wp\/v2\/posts"}],"about":[{"href":"https:\/\/armstrongyregion.com.ar\/diario\/wp-json\/wp\/v2\/types\/post"}],"author":[{"embeddable":true,"href":"https:\/\/armstrongyregion.com.ar\/diario\/wp-json\/wp\/v2\/users\/1"}],"replies":[{"embeddable":true,"href":"https:\/\/armstrongyregion.com.ar\/diario\/wp-json\/wp\/v2\/comments?post=21013"}],"version-history":[{"count":0,"href":"https:\/\/armstrongyregion.com.ar\/diario\/wp-json\/wp\/v2\/posts\/21013\/revisions"}],"wp:featuredmedia":[{"embeddable":true,"href":"https:\/\/armstrongyregion.com.ar\/diario\/wp-json\/wp\/v2\/media\/15919"}],"wp:attachment":[{"href":"https:\/\/armstrongyregion.com.ar\/diario\/wp-json\/wp\/v2\/media?parent=21013"}],"wp:term":[{"taxonomy":"category","embeddable":true,"href":"https:\/\/armstrongyregion.com.ar\/diario\/wp-json\/wp\/v2\/categories?post=21013"},{"taxonomy":"post_tag","embeddable":true,"href":"https:\/\/armstrongyregion.com.ar\/diario\/wp-json\/wp\/v2\/tags?post=21013"}],"curies":[{"name":"wp","href":"https:\/\/api.w.org\/{rel}","templated":true}]}}