{"id":21000,"date":"2019-03-31T22:19:18","date_gmt":"2019-03-31T22:19:18","guid":{"rendered":"https:\/\/armstrongyregion.com.ar\/diario\/?p=21000"},"modified":"2019-03-31T22:19:18","modified_gmt":"2019-03-31T22:19:18","slug":"pavicic-realizo-el-lanzamiento-de-campana-con-la-presencia-del-senador-cornaglia-y-la-dip-nac-lucila-de-ponti","status":"publish","type":"post","link":"https:\/\/armstrongyregion.com.ar\/diario\/pavicic-realizo-el-lanzamiento-de-campana-con-la-presencia-del-senador-cornaglia-y-la-dip-nac-lucila-de-ponti\/","title":{"rendered":"Pavicic realiz\u00f3 el lanzamiento de campa\u00f1a con la presencia del Senador  Cornaglia y la Dip. Nac. Lucila De Ponti."},"content":{"rendered":"<p><a href=\"http:\/\/armstrongyregion.com.ar\/diario\/wp-content\/uploads\/2019\/03\/Lanzamiento-Pavicic-.jpg\"><img loading=\"lazy\" decoding=\"async\" class=\"alignnone size-full wp-image-21001\" src=\"http:\/\/armstrongyregion.com.ar\/diario\/wp-content\/uploads\/2019\/03\/Lanzamiento-Pavicic-.jpg\" alt=\"Lanzamiento-Pavicic-\" width=\"960\" height=\"466\" srcset=\"https:\/\/armstrongyregion.com.ar\/diario\/wp-content\/uploads\/2019\/03\/Lanzamiento-Pavicic-.jpg 960w, https:\/\/armstrongyregion.com.ar\/diario\/wp-content\/uploads\/2019\/03\/Lanzamiento-Pavicic--300x146.jpg 300w\" sizes=\"auto, (max-width: 960px) 100vw, 960px\" \/><\/a>El pasado viernes 29 de marzo el precandidato a concejal \u00a0Dr. Gerardo Pavicic, quien encabeza una lista de concejales y a su vez competir\u00e1 en una interna con el actual concejal Dr. Augusto Fischer, realiz\u00f3 el lanzamiento de campa\u00f1a e hizo la presentaci\u00f3n de su lista con la presencia del Senador Guillermo Cornaglia y la Dip. Nacional Lucila De Ponti, en la b\u00e1sica ubicada en la intersecci\u00f3n de calles Delfo Cabrera y Fischer.<\/p>\n<p><a href=\"http:\/\/armstrongyregion.com.ar\/diario\/wp-content\/uploads\/2019\/03\/Pavicic-Lista-Completa.jpg\"><img loading=\"lazy\" decoding=\"async\" class=\"alignnone size-full wp-image-21002\" src=\"http:\/\/armstrongyregion.com.ar\/diario\/wp-content\/uploads\/2019\/03\/Pavicic-Lista-Completa.jpg\" alt=\"Pavicic-Lista-Completa\" width=\"960\" height=\"466\" srcset=\"https:\/\/armstrongyregion.com.ar\/diario\/wp-content\/uploads\/2019\/03\/Pavicic-Lista-Completa.jpg 960w, https:\/\/armstrongyregion.com.ar\/diario\/wp-content\/uploads\/2019\/03\/Pavicic-Lista-Completa-300x146.jpg 300w\" sizes=\"auto, (max-width: 960px) 100vw, 960px\" \/><\/a>Gerardo Pavicic en dialogo con los medios expresaba \u201cesta es la \u00fanica interna dentro del partido, nosotros proponemos un trabajo diferente, organizado, un trabajo en equipo, donde todos los compa\u00f1eros merecen respeto, merecen igualdad, merecen libertad de opini\u00f3n, debemos ser solidarios y debemos trabajar para la gente, eso es nuestro proyecto b\u00e1sico como compa\u00f1eros dentro del partido\u201d.<\/p>\n<p><a href=\"http:\/\/armstrongyregion.com.ar\/diario\/wp-content\/uploads\/2019\/03\/gerard.jpg\"><img loading=\"lazy\" decoding=\"async\" class=\"alignnone size-full wp-image-21003\" src=\"http:\/\/armstrongyregion.com.ar\/diario\/wp-content\/uploads\/2019\/03\/gerard.jpg\" alt=\"gerard\" width=\"960\" height=\"466\" srcset=\"https:\/\/armstrongyregion.com.ar\/diario\/wp-content\/uploads\/2019\/03\/gerard.jpg 960w, https:\/\/armstrongyregion.com.ar\/diario\/wp-content\/uploads\/2019\/03\/gerard-300x146.jpg 300w\" sizes=\"auto, (max-width: 960px) 100vw, 960px\" \/><\/a>El precandidato a\u00f1adi\u00f3: \u00a0\u201cYo encabezo esta lista y me acompa\u00f1a gente joven, ellos son Ana Laura Aranda, Cristian Pereyra, Ludmila Romero, Lisandro Jossen y Yamila R\u00edos.<\/p>\n<p>Finalmente dijo; \u201cNosotros creemos que vamos a ganar esta interna porque hay que mejorar esta ciudad , queremos y vamos a trabajar por y para la gente\u201d.<\/p>\n<p>&nbsp;<\/p>\n","protected":false},"excerpt":{"rendered":"<p>El pasado viernes 29 de marzo el precandidato a concejal \u00a0Dr. Gerardo Pavicic, quien encabeza una lista de concejales y a su vez competir\u00e1 en una interna con el actual concejal Dr. Augusto Fischer, realiz\u00f3 el lanzamiento de campa\u00f1a e hizo la presentaci\u00f3n de su lista con la presencia del Senador Guillermo Cornaglia y la <a href=\"https:\/\/armstrongyregion.com.ar\/diario\/pavicic-realizo-el-lanzamiento-de-campana-con-la-presencia-del-senador-cornaglia-y-la-dip-nac-lucila-de-ponti\/\" title=\"Read more\" >&#8230;<\/a><\/p>\n","protected":false},"author":1,"featured_media":21001,"comment_status":"open","ping_status":"open","sticky":false,"template":"","format":"standard","meta":{"_jetpack_memberships_contains_paid_content":false,"footnotes":"","jetpack_publicize_message":"","jetpack_publicize_feature_enabled":true,"jetpack_social_post_already_shared":false,"jetpack_social_options":{"image_generator_settings":{"template":"highway","default_image_id":0,"enabled":false},"version":2}},"categories":[8,1,2,7,3],"tags":[7721],"class_list":["post-21000","post","type-post","status-publish","format-standard","has-post-thumbnail","hentry","category-deliberando","category-diario-armstrong","category-locales","category-politica","category-region","tag-pavicic-realizo-el-lanzamiento-de-campana-con-la-presencia-del-senador-cornaglia-y-la-dip-nac-lucila-de-ponti"],"jetpack_publicize_connections":[],"jetpack_featured_media_url":"https:\/\/armstrongyregion.com.ar\/diario\/wp-content\/uploads\/2019\/03\/Lanzamiento-Pavicic-.jpg","jetpack_shortlink":"https:\/\/wp.me\/p62QDO-5sI","jetpack_sharing_enabled":true,"amp_enabled":true,"_links":{"self":[{"href":"https:\/\/armstrongyregion.com.ar\/diario\/wp-json\/wp\/v2\/posts\/21000","targetHints":{"allow":["GET"]}}],"collection":[{"href":"https:\/\/armstrongyregion.com.ar\/diario\/wp-json\/wp\/v2\/posts"}],"about":[{"href":"https:\/\/armstrongyregion.com.ar\/diario\/wp-json\/wp\/v2\/types\/post"}],"author":[{"embeddable":true,"href":"https:\/\/armstrongyregion.com.ar\/diario\/wp-json\/wp\/v2\/users\/1"}],"replies":[{"embeddable":true,"href":"https:\/\/armstrongyregion.com.ar\/diario\/wp-json\/wp\/v2\/comments?post=21000"}],"version-history":[{"count":0,"href":"https:\/\/armstrongyregion.com.ar\/diario\/wp-json\/wp\/v2\/posts\/21000\/revisions"}],"wp:featuredmedia":[{"embeddable":true,"href":"https:\/\/armstrongyregion.com.ar\/diario\/wp-json\/wp\/v2\/media\/21001"}],"wp:attachment":[{"href":"https:\/\/armstrongyregion.com.ar\/diario\/wp-json\/wp\/v2\/media?parent=21000"}],"wp:term":[{"taxonomy":"category","embeddable":true,"href":"https:\/\/armstrongyregion.com.ar\/diario\/wp-json\/wp\/v2\/categories?post=21000"},{"taxonomy":"post_tag","embeddable":true,"href":"https:\/\/armstrongyregion.com.ar\/diario\/wp-json\/wp\/v2\/tags?post=21000"}],"curies":[{"name":"wp","href":"https:\/\/api.w.org\/{rel}","templated":true}]}}