{"id":20987,"date":"2019-03-30T22:31:11","date_gmt":"2019-03-30T22:31:11","guid":{"rendered":"https:\/\/armstrongyregion.com.ar\/diario\/?p=20987"},"modified":"2019-03-30T22:37:54","modified_gmt":"2019-03-30T22:37:54","slug":"bonfatti-se-reunio-con-referentes-politicos-y-representantes-de-entidades-empresariales-en-el-c-c-i-r-de-armstrong","status":"publish","type":"post","link":"https:\/\/armstrongyregion.com.ar\/diario\/bonfatti-se-reunio-con-referentes-politicos-y-representantes-de-entidades-empresariales-en-el-c-c-i-r-de-armstrong\/","title":{"rendered":"Bonfatti se reuni\u00f3 con referentes pol\u00edticos y representantes de entidades empresariales en el C.C.I.R de Armstrong."},"content":{"rendered":"<p><a href=\"http:\/\/armstrongyregion.com.ar\/diario\/wp-content\/uploads\/2019\/03\/CCIR_2-1-.jpg\"><img loading=\"lazy\" decoding=\"async\" class=\"alignnone size-full wp-image-20988\" src=\"http:\/\/armstrongyregion.com.ar\/diario\/wp-content\/uploads\/2019\/03\/CCIR_2-1-.jpg\" alt=\"CCIR_2-1-\" width=\"960\" height=\"466\" srcset=\"https:\/\/armstrongyregion.com.ar\/diario\/wp-content\/uploads\/2019\/03\/CCIR_2-1-.jpg 960w, https:\/\/armstrongyregion.com.ar\/diario\/wp-content\/uploads\/2019\/03\/CCIR_2-1--300x146.jpg 300w\" sizes=\"auto, (max-width: 960px) 100vw, 960px\" \/><\/a>El precandidato a gobernador por el Frente Progresista se reuni\u00f3 ayer con referentes\u00a0 pol\u00edticos del Departamento Belgrano y con representantes de entidades empresarias de Armstrong.<\/p>\n<p><a href=\"http:\/\/armstrongyregion.com.ar\/diario\/wp-content\/uploads\/2019\/03\/CCIR_4-.jpg\"><img loading=\"lazy\" decoding=\"async\" class=\"alignnone size-full wp-image-20989\" src=\"http:\/\/armstrongyregion.com.ar\/diario\/wp-content\/uploads\/2019\/03\/CCIR_4-.jpg\" alt=\"CCIR_4-\" width=\"960\" height=\"466\" srcset=\"https:\/\/armstrongyregion.com.ar\/diario\/wp-content\/uploads\/2019\/03\/CCIR_4-.jpg 960w, https:\/\/armstrongyregion.com.ar\/diario\/wp-content\/uploads\/2019\/03\/CCIR_4--300x146.jpg 300w\" sizes=\"auto, (max-width: 960px) 100vw, 960px\" \/><\/a>El precandidato a gobernador por el Frente Progresista, Antonio Bonfatti, se reuni\u00f3 en\u00a0 Armstrong con representantes de instituciones y entidades empresarias, el lugar del encuentro fue el \u00a0C.C.I.R de nuestra ciudad, le dio la bienvenida su presidente Gustavo Crucianelli y el intendente local Dr. Pablo Verdecchia.<\/p>\n<p><a href=\"http:\/\/armstrongyregion.com.ar\/diario\/wp-content\/uploads\/2019\/03\/CCIR-3-.jpg\"><img loading=\"lazy\" decoding=\"async\" class=\"alignnone size-full wp-image-20990\" src=\"http:\/\/armstrongyregion.com.ar\/diario\/wp-content\/uploads\/2019\/03\/CCIR-3-.jpg\" alt=\"CCIR-3-\" width=\"960\" height=\"466\" srcset=\"https:\/\/armstrongyregion.com.ar\/diario\/wp-content\/uploads\/2019\/03\/CCIR-3-.jpg 960w, https:\/\/armstrongyregion.com.ar\/diario\/wp-content\/uploads\/2019\/03\/CCIR-3--300x146.jpg 300w\" sizes=\"auto, (max-width: 960px) 100vw, 960px\" \/><\/a>En el marco de una charla muy amena, Bonfatti destac\u00f3 que \u00abel nuevo desaf\u00edo es generar empleo y cambiar la matriz productiva de Santa Fe con m\u00e1s innovaci\u00f3n\u00bb.<\/p>\n<p><a href=\"http:\/\/armstrongyregion.com.ar\/diario\/wp-content\/uploads\/2019\/03\/CCIR_4-1.jpg\"><img loading=\"lazy\" decoding=\"async\" class=\"alignnone size-full wp-image-20992\" src=\"http:\/\/armstrongyregion.com.ar\/diario\/wp-content\/uploads\/2019\/03\/CCIR_4-1.jpg\" alt=\"CCIR_4-\" width=\"960\" height=\"466\" srcset=\"https:\/\/armstrongyregion.com.ar\/diario\/wp-content\/uploads\/2019\/03\/CCIR_4-1.jpg 960w, https:\/\/armstrongyregion.com.ar\/diario\/wp-content\/uploads\/2019\/03\/CCIR_4-1-300x146.jpg 300w\" sizes=\"auto, (max-width: 960px) 100vw, 960px\" \/><\/a>Los empresarios locales le plantearon sus inquietudes con respecto a la actualidad pol\u00edtico-econ\u00f3mica y la repercusi\u00f3n en la producci\u00f3n, se trataron temas como los fitosanitarios,\u00a0 energ\u00edas luz y gas, canales clandestinos de derivaci\u00f3n de aguas, etc.<\/p>\n<p>Adem\u00e1s,\u00a0 el precandidato a gobernador comprometi\u00f3 su apoyo a la producci\u00f3n santafesina, e indic\u00f3 que en los pr\u00f3ximos a\u00f1os se seguir\u00e1 \u201cgarantizando derechos a la salud, educaci\u00f3n, agua, pero el gran desaf\u00edo es cambiar la matriz productiva para generar m\u00e1s trabajo. Tenemos que transformar la materia prima, cambiando la mentalidad de los empresarios, productores, trabajadores, cient\u00edficos, y el Estado\u201d.<\/p>\n<p>Sobre ese punto, Bonfatti propone en su gesti\u00f3n otorgar financiamiento a proyectos, subsidiar tasas, ligar al sector productivo con el mundo cient\u00edfico, y potenciar la producci\u00f3n org\u00e1nica de alimentos, y el turismo, entre otros proyectos.<\/p>\n<p>No caben dudas de que los ejes de campa\u00f1a se basan el \u00a0\u201cProductividad y Trabajo\u201d.<\/p>\n<p>\u00abHace 12 a\u00f1os el Frente Progresista lleg\u00f3 con una propuesta y la hemos cumplido. Sigan confiando y defendiendo lo que hemos conseguido\u00bb, finaliz\u00f3.<\/p>\n","protected":false},"excerpt":{"rendered":"<p>El precandidato a gobernador por el Frente Progresista se reuni\u00f3 ayer con referentes\u00a0 pol\u00edticos del Departamento Belgrano y con representantes de entidades empresarias de Armstrong. El precandidato a gobernador por el Frente Progresista, Antonio Bonfatti, se reuni\u00f3 en\u00a0 Armstrong con representantes de instituciones y entidades empresarias, el lugar del encuentro fue el \u00a0C.C.I.R de nuestra <a href=\"https:\/\/armstrongyregion.com.ar\/diario\/bonfatti-se-reunio-con-referentes-politicos-y-representantes-de-entidades-empresariales-en-el-c-c-i-r-de-armstrong\/\" title=\"Read more\" >&#8230;<\/a><\/p>\n","protected":false},"author":1,"featured_media":20988,"comment_status":"open","ping_status":"open","sticky":false,"template":"","format":"standard","meta":{"_jetpack_memberships_contains_paid_content":false,"footnotes":"","jetpack_publicize_message":"","jetpack_publicize_feature_enabled":true,"jetpack_social_post_already_shared":false,"jetpack_social_options":{"image_generator_settings":{"template":"highway","default_image_id":0,"enabled":false},"version":2}},"categories":[8,1,2,7,3],"tags":[7720],"class_list":["post-20987","post","type-post","status-publish","format-standard","has-post-thumbnail","hentry","category-deliberando","category-diario-armstrong","category-locales","category-politica","category-region","tag-bonfatti-se-reunio-con-referentes-politicos-y-representantes-de-entidades-empresariales-en-el-c-c-i-r-de-armstrong"],"jetpack_publicize_connections":[],"jetpack_featured_media_url":"https:\/\/armstrongyregion.com.ar\/diario\/wp-content\/uploads\/2019\/03\/CCIR_2-1-.jpg","jetpack_shortlink":"https:\/\/wp.me\/p62QDO-5sv","jetpack_sharing_enabled":true,"amp_enabled":true,"_links":{"self":[{"href":"https:\/\/armstrongyregion.com.ar\/diario\/wp-json\/wp\/v2\/posts\/20987","targetHints":{"allow":["GET"]}}],"collection":[{"href":"https:\/\/armstrongyregion.com.ar\/diario\/wp-json\/wp\/v2\/posts"}],"about":[{"href":"https:\/\/armstrongyregion.com.ar\/diario\/wp-json\/wp\/v2\/types\/post"}],"author":[{"embeddable":true,"href":"https:\/\/armstrongyregion.com.ar\/diario\/wp-json\/wp\/v2\/users\/1"}],"replies":[{"embeddable":true,"href":"https:\/\/armstrongyregion.com.ar\/diario\/wp-json\/wp\/v2\/comments?post=20987"}],"version-history":[{"count":0,"href":"https:\/\/armstrongyregion.com.ar\/diario\/wp-json\/wp\/v2\/posts\/20987\/revisions"}],"wp:featuredmedia":[{"embeddable":true,"href":"https:\/\/armstrongyregion.com.ar\/diario\/wp-json\/wp\/v2\/media\/20988"}],"wp:attachment":[{"href":"https:\/\/armstrongyregion.com.ar\/diario\/wp-json\/wp\/v2\/media?parent=20987"}],"wp:term":[{"taxonomy":"category","embeddable":true,"href":"https:\/\/armstrongyregion.com.ar\/diario\/wp-json\/wp\/v2\/categories?post=20987"},{"taxonomy":"post_tag","embeddable":true,"href":"https:\/\/armstrongyregion.com.ar\/diario\/wp-json\/wp\/v2\/tags?post=20987"}],"curies":[{"name":"wp","href":"https:\/\/api.w.org\/{rel}","templated":true}]}}