{"id":20928,"date":"2019-03-26T14:22:59","date_gmt":"2019-03-26T14:22:59","guid":{"rendered":"https:\/\/armstrongyregion.com.ar\/diario\/?p=20928"},"modified":"2019-03-26T14:22:59","modified_gmt":"2019-03-26T14:22:59","slug":"este-martes-en-deliberando-continuamos-viviendo-los-preparativos-de-las-p-a-s-o-en-nuestra-provincia","status":"publish","type":"post","link":"https:\/\/armstrongyregion.com.ar\/diario\/este-martes-en-deliberando-continuamos-viviendo-los-preparativos-de-las-p-a-s-o-en-nuestra-provincia\/","title":{"rendered":"Este martes en DELIBERANDO continuamos viviendo los preparativos de las P.A.S.O en nuestra provincia."},"content":{"rendered":"<div><a href=\"http:\/\/armstrongyregion.com.ar\/diario\/wp-content\/uploads\/2019\/03\/Guille-Cornaglia-Paso-.jpg\"><img loading=\"lazy\" decoding=\"async\" class=\"alignnone size-large wp-image-20929\" src=\"http:\/\/armstrongyregion.com.ar\/diario\/wp-content\/uploads\/2019\/03\/Guille-Cornaglia-Paso--1024x687.jpg\" alt=\"Guille-Cornaglia-Paso-\" width=\"800\" height=\"537\" srcset=\"https:\/\/armstrongyregion.com.ar\/diario\/wp-content\/uploads\/2019\/03\/Guille-Cornaglia-Paso--1024x687.jpg 1024w, https:\/\/armstrongyregion.com.ar\/diario\/wp-content\/uploads\/2019\/03\/Guille-Cornaglia-Paso--300x201.jpg 300w\" sizes=\"auto, (max-width: 800px) 100vw, 800px\" \/><\/a>Tres pre candidatos a senadores por el departamento Belgrano para las pr\u00f3ximas elecciones marcaran sus propuestas ante esta instancia.<\/div>\n<div>Uno es el actual senador Guillermo Cornaglia, quien ira por la reelecci\u00f3n, marcando el trabajo realizado y lo que aun debe continuar gestionado en la c\u00e1mara alta, alistado en el sector que lidera el actual senador nacional Omar Perotti, como aspirante a la gobernaci\u00f3n. Cornaglia ira a interna en su partido.<\/div>\n<div><\/div>\n<div><a href=\"http:\/\/armstrongyregion.com.ar\/diario\/wp-content\/uploads\/2019\/03\/Miguel-Solis-.jpg\"><img loading=\"lazy\" decoding=\"async\" class=\"alignnone size-large wp-image-20930\" src=\"http:\/\/armstrongyregion.com.ar\/diario\/wp-content\/uploads\/2019\/03\/Miguel-Solis--1024x666.jpg\" alt=\"Miguel-Solis-\" width=\"800\" height=\"520\" srcset=\"https:\/\/armstrongyregion.com.ar\/diario\/wp-content\/uploads\/2019\/03\/Miguel-Solis--1024x666.jpg 1024w, https:\/\/armstrongyregion.com.ar\/diario\/wp-content\/uploads\/2019\/03\/Miguel-Solis--300x195.jpg 300w\" sizes=\"auto, (max-width: 800px) 100vw, 800px\" \/><\/a>Quien tratar\u00e1 de llegar al senado provincial, por el Frente Progresista, es quien actualmente ocupa una banca en la c\u00e1mara de diputados de la provincia Miguel Solis,\u00a0 detallar\u00e1 las razones que lo llevan a intentar esta instancia, habida cuenta de la experiencia adquirida en la c\u00e1mara baja provincial.<\/div>\n<div><\/div>\n<div><a href=\"http:\/\/armstrongyregion.com.ar\/diario\/wp-content\/uploads\/2019\/03\/Rodri-Cantero-.jpg\"><img loading=\"lazy\" decoding=\"async\" class=\"alignnone size-large wp-image-20931\" src=\"http:\/\/armstrongyregion.com.ar\/diario\/wp-content\/uploads\/2019\/03\/Rodri-Cantero--1024x646.jpg\" alt=\"Rodri-Cantero-\" width=\"800\" height=\"505\" srcset=\"https:\/\/armstrongyregion.com.ar\/diario\/wp-content\/uploads\/2019\/03\/Rodri-Cantero--1024x646.jpg 1024w, https:\/\/armstrongyregion.com.ar\/diario\/wp-content\/uploads\/2019\/03\/Rodri-Cantero--300x189.jpg 300w\" sizes=\"auto, (max-width: 800px) 100vw, 800px\" \/><\/a>Tambi\u00e9n estar\u00e1 presente quien se lanza a la arena pol\u00edtica sin tener antecedente de participaci\u00f3n partidaria, como es Rodrigo Cantero, quien disputar\u00e1 esa posibilidad en la interna justicialista. Este joven rosense representar\u00e1 a la lista Encuentro por Santa Fe, que lleva como candidata a la gobernaci\u00f3n a la Arq. Maria Eugenia Bielsa.<\/div>\n<div><\/div>\n<div><a href=\"http:\/\/armstrongyregion.com.ar\/diario\/wp-content\/uploads\/2019\/03\/Paola-Riccardi-.jpg\"><img loading=\"lazy\" decoding=\"async\" class=\"alignnone size-large wp-image-20932\" src=\"http:\/\/armstrongyregion.com.ar\/diario\/wp-content\/uploads\/2019\/03\/Paola-Riccardi--1024x651.jpg\" alt=\"Paola-Riccardi-\" width=\"800\" height=\"509\" srcset=\"https:\/\/armstrongyregion.com.ar\/diario\/wp-content\/uploads\/2019\/03\/Paola-Riccardi--1024x651.jpg 1024w, https:\/\/armstrongyregion.com.ar\/diario\/wp-content\/uploads\/2019\/03\/Paola-Riccardi--300x191.jpg 300w\" sizes=\"auto, (max-width: 800px) 100vw, 800px\" \/><\/a>Deliberando tambi\u00e9n contara con la participaci\u00f3n de la concejal rosense Paola Riccardi, quien encabeza una lista de concejales por el Pj, porque quiere renovar su banca? Nos lo contara la protagonista, que ademas dar\u00e1 su visi\u00f3n sobre la actualidad pol\u00edtica de su ciudad.<\/div>\n<div><\/div>\n<div>Todo esto en DELIBERANDO con la conducci\u00f3n de la licenciada Graciela de la Casa y Oscar Crispino. a las 21hs Por Cable Imagen Armstrong.<\/div>\n","protected":false},"excerpt":{"rendered":"<p>Tres pre candidatos a senadores por el departamento Belgrano para las pr\u00f3ximas elecciones marcaran sus propuestas ante esta instancia. Uno es el actual senador Guillermo Cornaglia, quien ira por la reelecci\u00f3n, marcando el trabajo realizado y lo que aun debe continuar gestionado en la c\u00e1mara alta, alistado en el sector que lidera el actual senador <a href=\"https:\/\/armstrongyregion.com.ar\/diario\/este-martes-en-deliberando-continuamos-viviendo-los-preparativos-de-las-p-a-s-o-en-nuestra-provincia\/\" title=\"Read more\" >&#8230;<\/a><\/p>\n","protected":false},"author":1,"featured_media":20929,"comment_status":"open","ping_status":"open","sticky":false,"template":"","format":"standard","meta":{"_jetpack_memberships_contains_paid_content":false,"footnotes":"","jetpack_publicize_message":"","jetpack_publicize_feature_enabled":true,"jetpack_social_post_already_shared":false,"jetpack_social_options":{"image_generator_settings":{"template":"highway","default_image_id":0,"enabled":false},"version":2}},"categories":[8,1,2,7,3],"tags":[7461,1314,404,932],"class_list":["post-20928","post","type-post","status-publish","format-standard","has-post-thumbnail","hentry","category-deliberando","category-diario-armstrong","category-locales","category-politica","category-region","tag-7461","tag-abril","tag-elecciones","tag-paso"],"jetpack_publicize_connections":[],"jetpack_featured_media_url":"https:\/\/armstrongyregion.com.ar\/diario\/wp-content\/uploads\/2019\/03\/Guille-Cornaglia-Paso-.jpg","jetpack_shortlink":"https:\/\/wp.me\/p62QDO-5ry","jetpack_sharing_enabled":true,"amp_enabled":true,"_links":{"self":[{"href":"https:\/\/armstrongyregion.com.ar\/diario\/wp-json\/wp\/v2\/posts\/20928","targetHints":{"allow":["GET"]}}],"collection":[{"href":"https:\/\/armstrongyregion.com.ar\/diario\/wp-json\/wp\/v2\/posts"}],"about":[{"href":"https:\/\/armstrongyregion.com.ar\/diario\/wp-json\/wp\/v2\/types\/post"}],"author":[{"embeddable":true,"href":"https:\/\/armstrongyregion.com.ar\/diario\/wp-json\/wp\/v2\/users\/1"}],"replies":[{"embeddable":true,"href":"https:\/\/armstrongyregion.com.ar\/diario\/wp-json\/wp\/v2\/comments?post=20928"}],"version-history":[{"count":0,"href":"https:\/\/armstrongyregion.com.ar\/diario\/wp-json\/wp\/v2\/posts\/20928\/revisions"}],"wp:featuredmedia":[{"embeddable":true,"href":"https:\/\/armstrongyregion.com.ar\/diario\/wp-json\/wp\/v2\/media\/20929"}],"wp:attachment":[{"href":"https:\/\/armstrongyregion.com.ar\/diario\/wp-json\/wp\/v2\/media?parent=20928"}],"wp:term":[{"taxonomy":"category","embeddable":true,"href":"https:\/\/armstrongyregion.com.ar\/diario\/wp-json\/wp\/v2\/categories?post=20928"},{"taxonomy":"post_tag","embeddable":true,"href":"https:\/\/armstrongyregion.com.ar\/diario\/wp-json\/wp\/v2\/tags?post=20928"}],"curies":[{"name":"wp","href":"https:\/\/api.w.org\/{rel}","templated":true}]}}