{"id":20922,"date":"2019-03-25T23:50:33","date_gmt":"2019-03-25T23:50:33","guid":{"rendered":"https:\/\/armstrongyregion.com.ar\/diario\/?p=20922"},"modified":"2019-03-25T23:50:33","modified_gmt":"2019-03-25T23:50:33","slug":"giaccone-estuvo-en-armstrong-las-parejas-montes-de-oca-y-las-rosas","status":"publish","type":"post","link":"https:\/\/armstrongyregion.com.ar\/diario\/giaccone-estuvo-en-armstrong-las-parejas-montes-de-oca-y-las-rosas\/","title":{"rendered":"Giaccone estuvo en Armstrong, Las Parejas, Montes de Oca y Las Rosas."},"content":{"rendered":"<p><a href=\"http:\/\/armstrongyregion.com.ar\/diario\/wp-content\/uploads\/2019\/03\/Armstrong-alesandrelli-CG-Crispino.jpg\"><img loading=\"lazy\" decoding=\"async\" class=\"alignnone size-full wp-image-20923\" src=\"http:\/\/armstrongyregion.com.ar\/diario\/wp-content\/uploads\/2019\/03\/Armstrong-alesandrelli-CG-Crispino.jpg\" alt=\"Armstrong alesandrelli CG Crispino\" width=\"768\" height=\"520\" srcset=\"https:\/\/armstrongyregion.com.ar\/diario\/wp-content\/uploads\/2019\/03\/Armstrong-alesandrelli-CG-Crispino.jpg 768w, https:\/\/armstrongyregion.com.ar\/diario\/wp-content\/uploads\/2019\/03\/Armstrong-alesandrelli-CG-Crispino-300x203.jpg 300w\" sizes=\"auto, (max-width: 768px) 100vw, 768px\" \/><\/a>El viernes 22 de marzo, la diputada provincial Claudia Giaccone visit\u00f3 distintas localidades del departamento Belgrano. En Armstrong, Las Parejas, Montes\u00a0 de Oca y Las Rosas, se reuni\u00f3 con medios de prensa e instituciones.<\/p>\n<p><strong><u>ARMSTRONG<\/u><\/strong><strong>.<\/strong>\u00a0 Junto al Dr. Mauro Alesandrelli, quien encabeza la lista de concejales para Las Parejas \u201cUnidos por Santa Fe\u201d \u2013liderado a nivel provincial por Giaccone-, participaron del programa de TV \u201cDeliberando\u201d, emitido por Cable Imagen Armstrong. Fueron entrevistados por los periodistas Graciela de la Casa y Oscar Crispino.<\/p>\n<p><strong><u><a href=\"http:\/\/armstrongyregion.com.ar\/diario\/wp-content\/uploads\/2019\/03\/las-parejas-futbol-femenino-fenix.png\"><img loading=\"lazy\" decoding=\"async\" class=\"alignnone size-full wp-image-20924\" src=\"http:\/\/armstrongyregion.com.ar\/diario\/wp-content\/uploads\/2019\/03\/las-parejas-futbol-femenino-fenix.png\" alt=\"las parejas futbol femenino fenix\" width=\"768\" height=\"475\" srcset=\"https:\/\/armstrongyregion.com.ar\/diario\/wp-content\/uploads\/2019\/03\/las-parejas-futbol-femenino-fenix.png 768w, https:\/\/armstrongyregion.com.ar\/diario\/wp-content\/uploads\/2019\/03\/las-parejas-futbol-femenino-fenix-300x186.png 300w\" sizes=\"auto, (max-width: 768px) 100vw, 768px\" \/><\/a>\u00a0LAS PAREJAS<\/u><\/strong><strong>.<\/strong> Mantuvo una charla con el Arq. Germ\u00e1n Tavoloni, quien le present\u00f3 un proyecto de Energ\u00eda Renovable que puede ser utilizado por los clubes de la regi\u00f3n, posibilitando un considerable ahorro presupuestario.<\/p>\n<p>Y luego se encontr\u00f3 con integrantes del equipo de futbol femenino F\u00e9nix, que practica en instalaciones del Club Deportivo Tiro y Pesca. Hablaron de sus aspiraciones para el futuro y del crecimiento de esa especialidad deportiva.<\/p>\n<p><strong><u>MONTES DE OCA<\/u><\/strong><strong>.<\/strong> Con el Senador Guillermo Cornaglia y Carlos \u201cChula\u201d Nicastro \u2013vecino de esa localidad candidato a diputado provincial por \u201cUnidos por Santa Fe\u201d- ofrecieron una conferencia de prensa. <em>\u201cHemos integrado una listada con referentes del interior santafesino, con profundo sentido federal y donde se ha respetado cabalmente la paridad de g\u00e9nero en su composici\u00f3n, y adem\u00e1s con muchos j\u00f3venes destacados que encuentran su oportunidad. Somos la lista del amor, la esperanza y el futuro\u201d,<\/em> expres\u00f3 Giaccone.<\/p>\n<p>Luego, visitaron la Biblioteca Popular Rivadavia donde conversaron con miembros de su comisi\u00f3n directiva; para luego trasladarse al Cuerpo de Bomberos Voluntarios, una organizaci\u00f3n solidaria que siempre ha sido reconocido por la diputada.<\/p>\n<p><strong><u>LAS ROSAS<\/u><\/strong><strong>.<\/strong> A su llegada a esta ciudad, se dirigi\u00f3 a la Biblioteca Popular Domingo F. Sarmiento, donde acompa\u00f1ada por Fabiana Tramannoni \u2013docente rosense que compone la lista de diputados \u201cUnidos por Santa Fe\u201d- se encontr\u00f3 con la presidenta de la entidad y miembros de la comisi\u00f3n. En di\u00e1logo con ellos la legisladora se inform\u00f3 del funcionamiento y aspiraciones futuras de la entidad, que ya\u00a0 hab\u00eda visitado en otras oportunidades. \u00a0\u201c<em>Valoramos much\u00edsimo la funci\u00f3n social y educativa que llevan adelante estas instituciones a lo ancho y a lo largo de la provincia, y estamos convencidos tambi\u00e9n que los cargos de bibliotecarios son de esencial importancia. Por eso presentamos el proyecto de ley para lograr una subvenci\u00f3n que garantice los recursos para solventar sus salarios\u201d, <\/em>manifest\u00f3 la diputada.<\/p>\n<p>Luego, ya por la noche, participaron en la cena de apertura de actividades de Pe\u00f1a La Carreta, donde se celebraron adem\u00e1s los 20 a\u00f1os con la m\u00fasica del rosense Germ\u00e1n Staffolani. Con nutrida concurrencia de p\u00fablico, hubo espect\u00e1culos de danza a cargo de los reconocidos ballets de la instituci\u00f3n, y un show musical de Staffolani, a qui\u00e9n le hizo entrega de una plaqueta recordatoria del momento, junto al senador Guillermo Cornaglia.<\/p>\n<p><em>\u201cFelicito a Jorgelina, y en su persona a todos los que construyen d\u00eda a d\u00eda \u00e9sta instituci\u00f3n de m\u00e1s de 60 a\u00f1os de vida. En cada pueblo que visito encuentro pe\u00f1as, ballets, grupos musicales, centros tradicionalistas, realizando una tarea imprescindible de sostenimiento de nuestras tradiciones\u201d, <\/em>coment\u00f3 Giaccone.<em> \u201cPor eso creo que debemos seguir insistiendo en la aprobaci\u00f3n del proyecto\u00a0 de ley de Ense\u00f1anza del Folklore en la Escuelas, que cuenta con media sanci\u00f3n de Diputados. Porque nada mejor que hacerlo en la escuela, cuya funci\u00f3n es la transmisi\u00f3n conocimientos y saberes, estableciendo una ense\u00f1anza realizada a partir de esas ra\u00edces que poseen distintos \u00e1mbitos como el musical, artesanal, hist\u00f3rico, entre otros\u201d, <\/em>concluy\u00f3.<\/p>\n","protected":false},"excerpt":{"rendered":"<p>El viernes 22 de marzo, la diputada provincial Claudia Giaccone visit\u00f3 distintas localidades del departamento Belgrano. En Armstrong, Las Parejas, Montes\u00a0 de Oca y Las Rosas, se reuni\u00f3 con medios de prensa e instituciones. ARMSTRONG.\u00a0 Junto al Dr. Mauro Alesandrelli, quien encabeza la lista de concejales para Las Parejas \u201cUnidos por Santa Fe\u201d \u2013liderado a <a href=\"https:\/\/armstrongyregion.com.ar\/diario\/giaccone-estuvo-en-armstrong-las-parejas-montes-de-oca-y-las-rosas\/\" title=\"Read more\" >&#8230;<\/a><\/p>\n","protected":false},"author":1,"featured_media":20923,"comment_status":"open","ping_status":"open","sticky":false,"template":"","format":"standard","meta":{"_jetpack_memberships_contains_paid_content":false,"footnotes":"","jetpack_publicize_message":"","jetpack_publicize_feature_enabled":true,"jetpack_social_post_already_shared":false,"jetpack_social_options":{"image_generator_settings":{"template":"highway","default_image_id":0,"enabled":false},"version":2}},"categories":[1,2,7,3],"tags":[7708,509,7709],"class_list":["post-20922","post","type-post","status-publish","format-standard","has-post-thumbnail","hentry","category-diario-armstrong","category-locales","category-politica","category-region","tag-giaccone-estuvo-en-armstrong","tag-las-parejas","tag-montes-de-oca-y-las-rosas"],"jetpack_publicize_connections":[],"jetpack_featured_media_url":"https:\/\/armstrongyregion.com.ar\/diario\/wp-content\/uploads\/2019\/03\/Armstrong-alesandrelli-CG-Crispino.jpg","jetpack_shortlink":"https:\/\/wp.me\/p62QDO-5rs","jetpack_sharing_enabled":true,"amp_enabled":true,"_links":{"self":[{"href":"https:\/\/armstrongyregion.com.ar\/diario\/wp-json\/wp\/v2\/posts\/20922","targetHints":{"allow":["GET"]}}],"collection":[{"href":"https:\/\/armstrongyregion.com.ar\/diario\/wp-json\/wp\/v2\/posts"}],"about":[{"href":"https:\/\/armstrongyregion.com.ar\/diario\/wp-json\/wp\/v2\/types\/post"}],"author":[{"embeddable":true,"href":"https:\/\/armstrongyregion.com.ar\/diario\/wp-json\/wp\/v2\/users\/1"}],"replies":[{"embeddable":true,"href":"https:\/\/armstrongyregion.com.ar\/diario\/wp-json\/wp\/v2\/comments?post=20922"}],"version-history":[{"count":0,"href":"https:\/\/armstrongyregion.com.ar\/diario\/wp-json\/wp\/v2\/posts\/20922\/revisions"}],"wp:featuredmedia":[{"embeddable":true,"href":"https:\/\/armstrongyregion.com.ar\/diario\/wp-json\/wp\/v2\/media\/20923"}],"wp:attachment":[{"href":"https:\/\/armstrongyregion.com.ar\/diario\/wp-json\/wp\/v2\/media?parent=20922"}],"wp:term":[{"taxonomy":"category","embeddable":true,"href":"https:\/\/armstrongyregion.com.ar\/diario\/wp-json\/wp\/v2\/categories?post=20922"},{"taxonomy":"post_tag","embeddable":true,"href":"https:\/\/armstrongyregion.com.ar\/diario\/wp-json\/wp\/v2\/tags?post=20922"}],"curies":[{"name":"wp","href":"https:\/\/api.w.org\/{rel}","templated":true}]}}