{"id":20904,"date":"2019-03-25T00:46:55","date_gmt":"2019-03-25T00:46:55","guid":{"rendered":"https:\/\/armstrongyregion.com.ar\/diario\/?p=20904"},"modified":"2019-03-25T00:46:55","modified_gmt":"2019-03-25T00:46:55","slug":"emotivo-acto-por-el-mes-de-la-mujer-en-el-bracito-fuerte","status":"publish","type":"post","link":"https:\/\/armstrongyregion.com.ar\/diario\/emotivo-acto-por-el-mes-de-la-mujer-en-el-bracito-fuerte\/","title":{"rendered":"Emotivo acto por el mes de la mujer en el Bracito Fuerte."},"content":{"rendered":"<p><a href=\"http:\/\/armstrongyregion.com.ar\/diario\/wp-content\/uploads\/2019\/03\/area-mujer1-.jpg\"><img loading=\"lazy\" decoding=\"async\" class=\"alignnone size-full wp-image-20905\" src=\"http:\/\/armstrongyregion.com.ar\/diario\/wp-content\/uploads\/2019\/03\/area-mujer1-.jpg\" alt=\"area-mujer1-\" width=\"768\" height=\"432\" srcset=\"https:\/\/armstrongyregion.com.ar\/diario\/wp-content\/uploads\/2019\/03\/area-mujer1-.jpg 768w, https:\/\/armstrongyregion.com.ar\/diario\/wp-content\/uploads\/2019\/03\/area-mujer1--300x169.jpg 300w\" sizes=\"auto, (max-width: 768px) 100vw, 768px\" \/><\/a>En conmemoraci\u00f3n al mes de la mujer armstronense el pasado s\u00e1bado 23 a partir de las 18 hs en el parque Bracito Fuerte proyectaron y dejaron permanente una muestra donde \u00a017 femeninas locales quedaron plasmadas con su biograf\u00eda e imagen.<\/p>\n<p><a href=\"http:\/\/armstrongyregion.com.ar\/diario\/wp-content\/uploads\/2019\/03\/area-mujer-2-.jpg\"><img loading=\"lazy\" decoding=\"async\" class=\"alignnone size-full wp-image-20906\" src=\"http:\/\/armstrongyregion.com.ar\/diario\/wp-content\/uploads\/2019\/03\/area-mujer-2-.jpg\" alt=\"area-mujer-2-\" width=\"768\" height=\"432\" srcset=\"https:\/\/armstrongyregion.com.ar\/diario\/wp-content\/uploads\/2019\/03\/area-mujer-2-.jpg 768w, https:\/\/armstrongyregion.com.ar\/diario\/wp-content\/uploads\/2019\/03\/area-mujer-2--300x169.jpg 300w\" sizes=\"auto, (max-width: 768px) 100vw, 768px\" \/><\/a>Recordamos que el a\u00f1o pasado desde la secretaria de promoci\u00f3n comunitaria a cargo de Noelia Garc\u00eda, se concret\u00f3 un proyecto colectivo para poder plasmar las mujeres que ya no est\u00e1n con nosotros pero dejaron una marca hist\u00f3rica en la ciudad.<\/p>\n<p><a href=\"http:\/\/armstrongyregion.com.ar\/diario\/wp-content\/uploads\/2019\/03\/Area-mujer-3.jpg\"><img loading=\"lazy\" decoding=\"async\" class=\"alignnone size-full wp-image-20907\" src=\"http:\/\/armstrongyregion.com.ar\/diario\/wp-content\/uploads\/2019\/03\/Area-mujer-3.jpg\" alt=\"Area-mujer-3\" width=\"768\" height=\"432\" srcset=\"https:\/\/armstrongyregion.com.ar\/diario\/wp-content\/uploads\/2019\/03\/Area-mujer-3.jpg 768w, https:\/\/armstrongyregion.com.ar\/diario\/wp-content\/uploads\/2019\/03\/Area-mujer-3-300x169.jpg 300w\" sizes=\"auto, (max-width: 768px) 100vw, 768px\" \/><\/a>El intendente Dr. Pablo Verdecchia en su discurso dec\u00eda: \u201cEstar aqu\u00ed evocando nuevamente a ellas, nuestras mujeres, a este pu\u00f1ado de grandes mujeres que han marcado un modo de ser \u00a0muy particular de nuestra ciudad. Cada una en su rol representando valores con orgullosa dignidad multiplicando tareas. Estas mujeres que fueron quienes signaron a muchos, propios y ajenos que hayan tenido la oportunidad de conocerlas y conocer lo polifac\u00e9tico de ellas. Mujeres que han dejado una sonrisa y un recuerdo muy profundo entre nosotros\u201d.<\/p>\n<p>Siguiendo la misma l\u00ednea de discurso dijo: \u201cDesde mi lugar como intendente, como hombre, pongo en pr\u00e1ctica las ense\u00f1anzas que he tenido de otro hombre, mi padre quien valoriz\u00f3 siempre lo femenino, supo escuchar, valorar y respetar a las mujeres y en eso baso mis actos\u201d.<\/p>\n<p>Luego finaliz\u00f3: \u201cAgradezco a todas las mujeres que me acompa\u00f1an en la gesti\u00f3n y como este proyecto del \u00e1rea mujer desde nuestro municipio, espero que nuestra ciudad proponga muchas m\u00e1s para rescatar de la memoria colectiva la huella de sus pasos\u201d.<\/p>\n","protected":false},"excerpt":{"rendered":"<p>En conmemoraci\u00f3n al mes de la mujer armstronense el pasado s\u00e1bado 23 a partir de las 18 hs en el parque Bracito Fuerte proyectaron y dejaron permanente una muestra donde \u00a017 femeninas locales quedaron plasmadas con su biograf\u00eda e imagen. Recordamos que el a\u00f1o pasado desde la secretaria de promoci\u00f3n comunitaria a cargo de Noelia <a href=\"https:\/\/armstrongyregion.com.ar\/diario\/emotivo-acto-por-el-mes-de-la-mujer-en-el-bracito-fuerte\/\" title=\"Read more\" >&#8230;<\/a><\/p>\n","protected":false},"author":1,"featured_media":20905,"comment_status":"open","ping_status":"open","sticky":false,"template":"","format":"standard","meta":{"_jetpack_memberships_contains_paid_content":false,"footnotes":"","jetpack_publicize_message":"","jetpack_publicize_feature_enabled":true,"jetpack_social_post_already_shared":false,"jetpack_social_options":{"image_generator_settings":{"template":"highway","default_image_id":0,"enabled":false},"version":2}},"categories":[6,8,1,2,7],"tags":[7702],"class_list":["post-20904","post","type-post","status-publish","format-standard","has-post-thumbnail","hentry","category-cultura-entretenimiento","category-deliberando","category-diario-armstrong","category-locales","category-politica","tag-emotivo-acto-por-el-mes-de-la-mujer-en-el-bracito-fuerte"],"jetpack_publicize_connections":[],"jetpack_featured_media_url":"https:\/\/armstrongyregion.com.ar\/diario\/wp-content\/uploads\/2019\/03\/area-mujer1-.jpg","jetpack_shortlink":"https:\/\/wp.me\/p62QDO-5ra","jetpack_sharing_enabled":true,"amp_enabled":true,"_links":{"self":[{"href":"https:\/\/armstrongyregion.com.ar\/diario\/wp-json\/wp\/v2\/posts\/20904","targetHints":{"allow":["GET"]}}],"collection":[{"href":"https:\/\/armstrongyregion.com.ar\/diario\/wp-json\/wp\/v2\/posts"}],"about":[{"href":"https:\/\/armstrongyregion.com.ar\/diario\/wp-json\/wp\/v2\/types\/post"}],"author":[{"embeddable":true,"href":"https:\/\/armstrongyregion.com.ar\/diario\/wp-json\/wp\/v2\/users\/1"}],"replies":[{"embeddable":true,"href":"https:\/\/armstrongyregion.com.ar\/diario\/wp-json\/wp\/v2\/comments?post=20904"}],"version-history":[{"count":0,"href":"https:\/\/armstrongyregion.com.ar\/diario\/wp-json\/wp\/v2\/posts\/20904\/revisions"}],"wp:featuredmedia":[{"embeddable":true,"href":"https:\/\/armstrongyregion.com.ar\/diario\/wp-json\/wp\/v2\/media\/20905"}],"wp:attachment":[{"href":"https:\/\/armstrongyregion.com.ar\/diario\/wp-json\/wp\/v2\/media?parent=20904"}],"wp:term":[{"taxonomy":"category","embeddable":true,"href":"https:\/\/armstrongyregion.com.ar\/diario\/wp-json\/wp\/v2\/categories?post=20904"},{"taxonomy":"post_tag","embeddable":true,"href":"https:\/\/armstrongyregion.com.ar\/diario\/wp-json\/wp\/v2\/tags?post=20904"}],"curies":[{"name":"wp","href":"https:\/\/api.w.org\/{rel}","templated":true}]}}