{"id":20897,"date":"2019-03-24T23:49:03","date_gmt":"2019-03-24T23:49:03","guid":{"rendered":"https:\/\/armstrongyregion.com.ar\/diario\/?p=20897"},"modified":"2019-03-24T23:49:03","modified_gmt":"2019-03-24T23:49:03","slug":"armstrong-intensa-actividad-del-diputado-miguel-solis-en-la-ciudad","status":"publish","type":"post","link":"https:\/\/armstrongyregion.com.ar\/diario\/armstrong-intensa-actividad-del-diputado-miguel-solis-en-la-ciudad\/","title":{"rendered":"Armstrong. Intensa actividad del diputado Miguel Solis en la ciudad."},"content":{"rendered":"<p><a href=\"http:\/\/armstrongyregion.com.ar\/diario\/wp-content\/uploads\/2019\/03\/barraca.jpg\"><img loading=\"lazy\" decoding=\"async\" class=\"alignnone size-full wp-image-20898\" src=\"http:\/\/armstrongyregion.com.ar\/diario\/wp-content\/uploads\/2019\/03\/barraca.jpg\" alt=\"barraca\" width=\"768\" height=\"512\" srcset=\"https:\/\/armstrongyregion.com.ar\/diario\/wp-content\/uploads\/2019\/03\/barraca.jpg 768w, https:\/\/armstrongyregion.com.ar\/diario\/wp-content\/uploads\/2019\/03\/barraca-300x200.jpg 300w\" sizes=\"auto, (max-width: 768px) 100vw, 768px\" \/><\/a>El viernes pasado, el diputado provincial y candidato a senador por el Frente Progresista en el departamento Belgrano Miguel Solis, desarroll\u00f3 una nutrida agenda de visitas y encuentros.<\/p>\n<p><a href=\"http:\/\/armstrongyregion.com.ar\/diario\/wp-content\/uploads\/2019\/03\/susa.jpg\"><img loading=\"lazy\" decoding=\"async\" class=\"alignnone size-full wp-image-20899\" src=\"http:\/\/armstrongyregion.com.ar\/diario\/wp-content\/uploads\/2019\/03\/susa.jpg\" alt=\"susa\" width=\"768\" height=\"512\" srcset=\"https:\/\/armstrongyregion.com.ar\/diario\/wp-content\/uploads\/2019\/03\/susa.jpg 768w, https:\/\/armstrongyregion.com.ar\/diario\/wp-content\/uploads\/2019\/03\/susa-300x200.jpg 300w\" sizes=\"auto, (max-width: 768px) 100vw, 768px\" \/><\/a>\u00a0Emprendedores, contactos con la prensa, subcomisiones de clubes, empresas metal\u00fargicas y una jornada cultural auspiciada por el propio legislador, formaron parte de la recorrida que realiz\u00f3 en la ciudad, acompa\u00f1ado por el concejal local y candidato a renovar su banca en el concejo, Prof. Alejandro Pertusati.<\/p>\n<p>\u201c<i>Durante estos tres a\u00f1os hemos recorrido el departamento y la provincia permanentemente. Los vecinos y vecinas lo saben, nos han visto y hemos estado all\u00ed tratando de dar siempre una respuesta.\u00a0\u00a0Estamos en tiempos electorales, donde la ciudadan\u00eda debe elegir; es por eso que pretendemos difundir nuestras propuestas: les contamos lo que hicimos desde el gobierno, desde la C\u00e1mara de Diputados y lo que queremos\u00a0\u00a0hacer en el departamento y la provincia<\/i>\u201d se\u00f1al\u00f3 Solis.<\/p>\n","protected":false},"excerpt":{"rendered":"<p>El viernes pasado, el diputado provincial y candidato a senador por el Frente Progresista en el departamento Belgrano Miguel Solis, desarroll\u00f3 una nutrida agenda de visitas y encuentros. \u00a0Emprendedores, contactos con la prensa, subcomisiones de clubes, empresas metal\u00fargicas y una jornada cultural auspiciada por el propio legislador, formaron parte de la recorrida que realiz\u00f3 en <a href=\"https:\/\/armstrongyregion.com.ar\/diario\/armstrong-intensa-actividad-del-diputado-miguel-solis-en-la-ciudad\/\" title=\"Read more\" >&#8230;<\/a><\/p>\n","protected":false},"author":1,"featured_media":20898,"comment_status":"open","ping_status":"open","sticky":false,"template":"","format":"standard","meta":{"_jetpack_memberships_contains_paid_content":false,"footnotes":"","jetpack_publicize_message":"","jetpack_publicize_feature_enabled":true,"jetpack_social_post_already_shared":false,"jetpack_social_options":{"image_generator_settings":{"template":"highway","default_image_id":0,"enabled":false},"version":2}},"categories":[1],"tags":[7699],"class_list":["post-20897","post","type-post","status-publish","format-standard","has-post-thumbnail","hentry","category-diario-armstrong","tag-armstrong-intensa-actividad-del-diputado-miguel-solis-en-la-ciudad"],"jetpack_publicize_connections":[],"jetpack_featured_media_url":"https:\/\/armstrongyregion.com.ar\/diario\/wp-content\/uploads\/2019\/03\/barraca.jpg","jetpack_shortlink":"https:\/\/wp.me\/p62QDO-5r3","jetpack_sharing_enabled":true,"amp_enabled":true,"_links":{"self":[{"href":"https:\/\/armstrongyregion.com.ar\/diario\/wp-json\/wp\/v2\/posts\/20897","targetHints":{"allow":["GET"]}}],"collection":[{"href":"https:\/\/armstrongyregion.com.ar\/diario\/wp-json\/wp\/v2\/posts"}],"about":[{"href":"https:\/\/armstrongyregion.com.ar\/diario\/wp-json\/wp\/v2\/types\/post"}],"author":[{"embeddable":true,"href":"https:\/\/armstrongyregion.com.ar\/diario\/wp-json\/wp\/v2\/users\/1"}],"replies":[{"embeddable":true,"href":"https:\/\/armstrongyregion.com.ar\/diario\/wp-json\/wp\/v2\/comments?post=20897"}],"version-history":[{"count":0,"href":"https:\/\/armstrongyregion.com.ar\/diario\/wp-json\/wp\/v2\/posts\/20897\/revisions"}],"wp:featuredmedia":[{"embeddable":true,"href":"https:\/\/armstrongyregion.com.ar\/diario\/wp-json\/wp\/v2\/media\/20898"}],"wp:attachment":[{"href":"https:\/\/armstrongyregion.com.ar\/diario\/wp-json\/wp\/v2\/media?parent=20897"}],"wp:term":[{"taxonomy":"category","embeddable":true,"href":"https:\/\/armstrongyregion.com.ar\/diario\/wp-json\/wp\/v2\/categories?post=20897"},{"taxonomy":"post_tag","embeddable":true,"href":"https:\/\/armstrongyregion.com.ar\/diario\/wp-json\/wp\/v2\/tags?post=20897"}],"curies":[{"name":"wp","href":"https:\/\/api.w.org\/{rel}","templated":true}]}}