{"id":20889,"date":"2019-03-23T15:29:05","date_gmt":"2019-03-23T15:29:05","guid":{"rendered":"https:\/\/armstrongyregion.com.ar\/diario\/?p=20889"},"modified":"2019-03-23T15:29:05","modified_gmt":"2019-03-23T15:29:05","slug":"feria-de-sabores-y-colores-locales-este-sabado-y-domingo","status":"publish","type":"post","link":"https:\/\/armstrongyregion.com.ar\/diario\/feria-de-sabores-y-colores-locales-este-sabado-y-domingo\/","title":{"rendered":"Feria de Sabores y Colores locales este s\u00e1bado y domingo."},"content":{"rendered":"<p><a href=\"http:\/\/armstrongyregion.com.ar\/diario\/wp-content\/uploads\/2019\/03\/feria-23-24-mar-2019-ok.jpg\"><img loading=\"lazy\" decoding=\"async\" class=\"alignnone size-full wp-image-20890\" src=\"http:\/\/armstrongyregion.com.ar\/diario\/wp-content\/uploads\/2019\/03\/feria-23-24-mar-2019-ok.jpg\" alt=\"feria 23 24 mar 2019 ok\" width=\"768\" height=\"576\" srcset=\"https:\/\/armstrongyregion.com.ar\/diario\/wp-content\/uploads\/2019\/03\/feria-23-24-mar-2019-ok.jpg 768w, https:\/\/armstrongyregion.com.ar\/diario\/wp-content\/uploads\/2019\/03\/feria-23-24-mar-2019-ok-300x225.jpg 300w\" sizes=\"auto, (max-width: 768px) 100vw, 768px\" \/><\/a>La Municipalidad de Armstrong invita a participar de una nueva feria mensual de Sabores y Colores Locales que se realizar\u00e1 los d\u00edas s\u00e1bado 23 y domingo 24 de marzo a partir de las 15hs. en el paseo artesanal del parque Bracito Fuerte.<\/p>\n<p>Como en cada oportunidad, m\u00e1s de 40 emprendedores de nuestra ciudad y la regi\u00f3n se presentan para ofrecer una novedosa variedad de productos elaborados artesanalmente.<\/p>\n<p>Habr\u00e1 servicio de buffet, sorteos, m\u00fasica, y juegos.<\/p>\n<p>Se suspende en caso de lluvia.<\/p>\n","protected":false},"excerpt":{"rendered":"<p>La Municipalidad de Armstrong invita a participar de una nueva feria mensual de Sabores y Colores Locales que se realizar\u00e1 los d\u00edas s\u00e1bado 23 y domingo 24 de marzo a partir de las 15hs. en el paseo artesanal del parque Bracito Fuerte. Como en cada oportunidad, m\u00e1s de 40 emprendedores de nuestra ciudad y la <a href=\"https:\/\/armstrongyregion.com.ar\/diario\/feria-de-sabores-y-colores-locales-este-sabado-y-domingo\/\" title=\"Read more\" >&#8230;<\/a><\/p>\n","protected":false},"author":1,"featured_media":20890,"comment_status":"open","ping_status":"open","sticky":false,"template":"","format":"standard","meta":{"_jetpack_memberships_contains_paid_content":false,"footnotes":"","jetpack_publicize_message":"","jetpack_publicize_feature_enabled":true,"jetpack_social_post_already_shared":false,"jetpack_social_options":{"image_generator_settings":{"template":"highway","default_image_id":0,"enabled":false},"version":2}},"categories":[6,8,1,2],"tags":[],"class_list":["post-20889","post","type-post","status-publish","format-standard","has-post-thumbnail","hentry","category-cultura-entretenimiento","category-deliberando","category-diario-armstrong","category-locales"],"jetpack_publicize_connections":[],"jetpack_featured_media_url":"https:\/\/armstrongyregion.com.ar\/diario\/wp-content\/uploads\/2019\/03\/feria-23-24-mar-2019-ok.jpg","jetpack_shortlink":"https:\/\/wp.me\/p62QDO-5qV","jetpack_sharing_enabled":true,"amp_enabled":true,"_links":{"self":[{"href":"https:\/\/armstrongyregion.com.ar\/diario\/wp-json\/wp\/v2\/posts\/20889","targetHints":{"allow":["GET"]}}],"collection":[{"href":"https:\/\/armstrongyregion.com.ar\/diario\/wp-json\/wp\/v2\/posts"}],"about":[{"href":"https:\/\/armstrongyregion.com.ar\/diario\/wp-json\/wp\/v2\/types\/post"}],"author":[{"embeddable":true,"href":"https:\/\/armstrongyregion.com.ar\/diario\/wp-json\/wp\/v2\/users\/1"}],"replies":[{"embeddable":true,"href":"https:\/\/armstrongyregion.com.ar\/diario\/wp-json\/wp\/v2\/comments?post=20889"}],"version-history":[{"count":0,"href":"https:\/\/armstrongyregion.com.ar\/diario\/wp-json\/wp\/v2\/posts\/20889\/revisions"}],"wp:featuredmedia":[{"embeddable":true,"href":"https:\/\/armstrongyregion.com.ar\/diario\/wp-json\/wp\/v2\/media\/20890"}],"wp:attachment":[{"href":"https:\/\/armstrongyregion.com.ar\/diario\/wp-json\/wp\/v2\/media?parent=20889"}],"wp:term":[{"taxonomy":"category","embeddable":true,"href":"https:\/\/armstrongyregion.com.ar\/diario\/wp-json\/wp\/v2\/categories?post=20889"},{"taxonomy":"post_tag","embeddable":true,"href":"https:\/\/armstrongyregion.com.ar\/diario\/wp-json\/wp\/v2\/tags?post=20889"}],"curies":[{"name":"wp","href":"https:\/\/api.w.org\/{rel}","templated":true}]}}