{"id":20869,"date":"2019-03-21T15:06:04","date_gmt":"2019-03-21T15:06:04","guid":{"rendered":"https:\/\/armstrongyregion.com.ar\/diario\/?p=20869"},"modified":"2019-03-21T15:06:04","modified_gmt":"2019-03-21T15:06:04","slug":"balague-desmiente-a-los-gremios-la-clausula-gatillo-es-como-la-del-ano-pasado","status":"publish","type":"post","link":"https:\/\/armstrongyregion.com.ar\/diario\/balague-desmiente-a-los-gremios-la-clausula-gatillo-es-como-la-del-ano-pasado\/","title":{"rendered":"Balagu\u00e9 desmiente a los gremios: \u201cLa cl\u00e1usula gatillo es como la del a\u00f1o pasado\u201d."},"content":{"rendered":"<p>Luego de que los docentes mostraran su\u00a0<a href=\"https:\/\/www.rosarioplus.com\/ensacoycorbata\/Alesso-y-la-paritaria-docente-La-propuesta-de-este-ano-es-de-las-peores-del-pais-20190320-0008.html\" target=\"_blank\">descontento con la \u00faltima oferta<\/a>\u00a0por parte del gobierno provincial, la ministra de Educaci\u00f3n recogi\u00f3 el guante y desminti\u00f3 la versi\u00f3n que los gremios difundieron y que hablaba de una cl\u00e1usula gatillo con restricciones. \u201cEs como la del a\u00f1o pasado\u201d, sentenci\u00f3 la funcionaria, que adem\u00e1s avis\u00f3 que se trata del mejor ofrecimiento posible en el contexto general.<\/p>\n<div class=\"teads-adCall\"><\/div>\n<div id=\"banner-contenido-1\" class=\"banner-contenido\">\n<div id=\"div-gpt-ad-1477414080447-0\" data-google-query-id=\"CP2GubC6k-ECFYRiwQod0jACrQ\">\n<div id=\"google_ads_iframe_\/27798361\/23-NOTA-Vertical-embebida_0__container__\">\u201cLa propuesta incluye un 10% de incremento m\u00e1s la cl\u00e1usula gatillo. Sobre el b\u00e1sico es un 12% de incremento. Nos parece una propuesta mejorada y que adem\u00e1s incluye condiciones de estabilidad laboral a trav\u00e9s de los concursos y titulaciones\u201d, indic\u00f3 Claudia Balagu\u00e9 este mi\u00e9rcoles en respuesta a lo expresado, por ejemplo, por referentes de Amsaf\u00e9.<\/div>\n<\/div>\n<\/div>\n<p>La ministra remarc\u00f3 que se trata de un ofrecimiento \u201cmuy acorde a la situaci\u00f3n que vivimos todos los argentinos\u201d y se apur\u00f3 en aclarar que \u201cla cl\u00e1usula gatillo es como la del a\u00f1o pasado (\u2026) no hay limitaciones, por eso digo que es una muy buena propuesta\u201d.<\/p>\n<p>Balagu\u00e9 insisti\u00f3 con que \u201ces el m\u00e1ximo esfuerzo que puede hacer nuestro gobierno\u201d y agreg\u00f3: \u201cEsperamos que no haya un plan de lucha, que los chicos est\u00e9n en la escuela. Es realmente lo que todos queremos\u201d<\/p>\n<p>\u201cTodos los meses tenemos un nuevo \u00edndice inflacionario que realmente nos impacta, a todo eso hay que contemplarlo. No es la misma realidad del pa\u00eds que hace cinco o diez a\u00f1os atr\u00e1s\u201d, cerr\u00f3 la funcionaria provincial.<\/p>\n<p>Este a\u00f1o, como nunca en los \u00faltimos, la negociaci\u00f3n empez\u00f3 temprano, el 5 de febrero, y por eso tanto gremios como gobierno cre\u00edan que hab\u00eda tiempo para una buena negociaci\u00f3n que no llegue a medidas de fuerza. Sin embargo eso no ocurri\u00f3, seg\u00fan Amsaf\u00e9, porque \u201clas tres propuestas fueron malas\u201d.<\/p>\n<div id=\"lx_634364\" class=\"__lxG__multi __lxG__multi_lx_634364\" data-cnt=\"2\"><\/div>\n","protected":false},"excerpt":{"rendered":"<p>Luego de que los docentes mostraran su\u00a0descontento con la \u00faltima oferta\u00a0por parte del gobierno provincial, la ministra de Educaci\u00f3n recogi\u00f3 el guante y desminti\u00f3 la versi\u00f3n que los gremios difundieron y que hablaba de una cl\u00e1usula gatillo con restricciones. \u201cEs como la del a\u00f1o pasado\u201d, sentenci\u00f3 la funcionaria, que adem\u00e1s avis\u00f3 que se trata del <a href=\"https:\/\/armstrongyregion.com.ar\/diario\/balague-desmiente-a-los-gremios-la-clausula-gatillo-es-como-la-del-ano-pasado\/\" title=\"Read more\" >&#8230;<\/a><\/p>\n","protected":false},"author":1,"featured_media":20870,"comment_status":"open","ping_status":"open","sticky":false,"template":"","format":"standard","meta":{"_jetpack_memberships_contains_paid_content":false,"footnotes":"","jetpack_publicize_message":"","jetpack_publicize_feature_enabled":true,"jetpack_social_post_already_shared":false,"jetpack_social_options":{"image_generator_settings":{"template":"highway","default_image_id":0,"enabled":false},"version":2}},"categories":[6,8,1,7,3],"tags":[],"class_list":["post-20869","post","type-post","status-publish","format-standard","has-post-thumbnail","hentry","category-cultura-entretenimiento","category-deliberando","category-diario-armstrong","category-politica","category-region"],"jetpack_publicize_connections":[],"jetpack_featured_media_url":"https:\/\/armstrongyregion.com.ar\/diario\/wp-content\/uploads\/2019\/03\/balag_crop1553115281883.jpg_501420591.jpg","jetpack_shortlink":"https:\/\/wp.me\/p62QDO-5qB","jetpack_sharing_enabled":true,"amp_enabled":true,"_links":{"self":[{"href":"https:\/\/armstrongyregion.com.ar\/diario\/wp-json\/wp\/v2\/posts\/20869","targetHints":{"allow":["GET"]}}],"collection":[{"href":"https:\/\/armstrongyregion.com.ar\/diario\/wp-json\/wp\/v2\/posts"}],"about":[{"href":"https:\/\/armstrongyregion.com.ar\/diario\/wp-json\/wp\/v2\/types\/post"}],"author":[{"embeddable":true,"href":"https:\/\/armstrongyregion.com.ar\/diario\/wp-json\/wp\/v2\/users\/1"}],"replies":[{"embeddable":true,"href":"https:\/\/armstrongyregion.com.ar\/diario\/wp-json\/wp\/v2\/comments?post=20869"}],"version-history":[{"count":0,"href":"https:\/\/armstrongyregion.com.ar\/diario\/wp-json\/wp\/v2\/posts\/20869\/revisions"}],"wp:featuredmedia":[{"embeddable":true,"href":"https:\/\/armstrongyregion.com.ar\/diario\/wp-json\/wp\/v2\/media\/20870"}],"wp:attachment":[{"href":"https:\/\/armstrongyregion.com.ar\/diario\/wp-json\/wp\/v2\/media?parent=20869"}],"wp:term":[{"taxonomy":"category","embeddable":true,"href":"https:\/\/armstrongyregion.com.ar\/diario\/wp-json\/wp\/v2\/categories?post=20869"},{"taxonomy":"post_tag","embeddable":true,"href":"https:\/\/armstrongyregion.com.ar\/diario\/wp-json\/wp\/v2\/tags?post=20869"}],"curies":[{"name":"wp","href":"https:\/\/api.w.org\/{rel}","templated":true}]}}