{"id":20852,"date":"2019-03-20T13:44:46","date_gmt":"2019-03-20T13:44:46","guid":{"rendered":"https:\/\/armstrongyregion.com.ar\/diario\/?p=20852"},"modified":"2019-03-20T13:44:46","modified_gmt":"2019-03-20T13:44:46","slug":"bielsa-queremos-un-estado-que-se-ocupe-por-igual-de-los-pequenos-y-de-los-grandes-temas-de-la-provincia","status":"publish","type":"post","link":"https:\/\/armstrongyregion.com.ar\/diario\/bielsa-queremos-un-estado-que-se-ocupe-por-igual-de-los-pequenos-y-de-los-grandes-temas-de-la-provincia\/","title":{"rendered":"Bielsa: \u00abQueremos un Estado que se ocupe por igual de los peque\u00f1os y de los grandes temas de la provincia\u00bb."},"content":{"rendered":"<p><a href=\"http:\/\/armstrongyregion.com.ar\/diario\/wp-content\/uploads\/2019\/03\/Bielsa-Campa\u00f1a19.jpg\"><img loading=\"lazy\" decoding=\"async\" class=\"alignnone size-full wp-image-20853\" src=\"http:\/\/armstrongyregion.com.ar\/diario\/wp-content\/uploads\/2019\/03\/Bielsa-Campa\u00f1a19.jpg\" alt=\"Bielsa-Campa\u00f1a19\" width=\"768\" height=\"512\" srcset=\"https:\/\/armstrongyregion.com.ar\/diario\/wp-content\/uploads\/2019\/03\/Bielsa-Campa\u00f1a19.jpg 768w, https:\/\/armstrongyregion.com.ar\/diario\/wp-content\/uploads\/2019\/03\/Bielsa-Campa\u00f1a19-300x200.jpg 300w\" sizes=\"auto, (max-width: 768px) 100vw, 768px\" \/><\/a>\u201c<em><strong>Queremos un Estado que se ocupe por igual de los peque\u00f1os y de los grandes temas de la provincia, desde la concreci\u00f3n de las obras menores de cada localidad, a los problemas estructurales que requieren transformaciones de fondo<\/strong><\/em>\u201d, afirm\u00f3 la precandidata a gobernadora de Encuentro por Santa Fe, Mar\u00eda Eugenia Bielsa, tras una intensa jornada que comenz\u00f3 en la localidad de Zavalla y culmin\u00f3 en Rosario.<\/p>\n<p>En Zavalla, junto al precandidato a senador por el departamento Rosario, Marcelo Lewandowski, la ex vicegobernadora fue recibida por el presidente comunal Guillermo Rajmil, particip\u00f3 de un encuentro con militantes de distintos espacios que apoyan a los candidatos de Encuentro, y luego realiz\u00f3 una caminata por el centro comercial.<\/p>\n<p>\u201c<em><strong>Recogimos los problemas que tiene la localidad, que en definitiva son similares a los que nos encontramos en otras ciudades y comunas de la provincia<\/strong><\/em>\u201d, indic\u00f3 la ex vicegobernadora. Y a\u00f1adi\u00f3: \u201c<em><strong>Problemas de infraestructura, como la falta de cloacas y mala provisi\u00f3n de servicios b\u00e1sicos, problemas en el \u00e1rea de salud, como en el hospital Samco, donde la comuna debe aportar para su funcionamiento una cantidad importante de recursos<\/strong><\/em>\u201d.<\/p>\n<p>\u201c<strong><em>A Zavalla le est\u00e1n debiendo los fondos de obras menores de 2017 y 2018, que son un derecho y una pol\u00edtica que se vot\u00f3 en nuestra gesti\u00f3n, y que a los municipios y comunas les permite hacer obras peque\u00f1as pero que son importantes para la localidad<\/em><\/strong>\u201d, refiri\u00f3 Bielsa. \u201c<em><strong>Lo grave es que ese dinero se desvaloriza y cuando llega la obra ya es mucho m\u00e1s cara<\/strong><\/em>\u201d, se\u00f1al\u00f3.<\/p>\n<p>Para la arquitecta \u201c<em><strong>retrasar los aportes para obras menores produce un retroceso en la calidad de vida de la ciudadan\u00eda de nuestros municipios y comunas<\/strong><\/em>\u201d. \u201c<em><strong>Queremos un Estado que vuelva a dar prioridad a las pol\u00edticas de desarrollo local<\/strong><\/em>\u201d, remarc\u00f3 Bielsa.<\/p>\n<p>Cierre en Rosario<\/p>\n<p>En Rosario, la precandidata a gobernadora encabez\u00f3 un encuentro en el Centro Cultural La Toma. \u201c<em><strong>Participamos de una motivadora actividad organizada por compa\u00f1eros y compa\u00f1eras de distintos partidos, colectivos y movimientos que se suman a este verdadero Encuentro por Santa Fe<\/strong><\/em>\u201d, expres\u00f3 Bielsa al cierre de la jornada.<\/p>\n<p>\u201c<em><strong>Unidad en la diversidad y apertura hacia diferentes expresiones populares, ese es el compromiso que hemos asumido cuando iniciamos est\u00e1 construcci\u00f3n pol\u00edtica<\/strong><\/em>\u201d, plante\u00f3 la arquitecta. Y agreg\u00f3: \u201c<strong><em>Este tipo de encuentros nos llenan de fuerza para avanzar hacia las grandes transformaciones que requiere una provincia que debe volver a poner el eje en la producci\u00f3n, que demanda resolver sus graves problemas de seguridad, y que tiene que poner en marcha un proyecto a 20 a\u00f1os con la ni\u00f1ez y la adolescencia como prioridad, y la educaci\u00f3n como herramienta\u201d<\/em><\/strong>.<\/p>\n<p>En el acto en Rosario, Bielsa estuvo acompa\u00f1ada por las precandidatas a la C\u00e1mara Baja provincial Matilde Bruera y Alicia Cavallero, el precandidato a senador departamental Marcelo Lewandowski y la precandidata al Concejo Municipal de Rosario, Carola Nin.<\/p>\n","protected":false},"excerpt":{"rendered":"<p>\u201cQueremos un Estado que se ocupe por igual de los peque\u00f1os y de los grandes temas de la provincia, desde la concreci\u00f3n de las obras menores de cada localidad, a los problemas estructurales que requieren transformaciones de fondo\u201d, afirm\u00f3 la precandidata a gobernadora de Encuentro por Santa Fe, Mar\u00eda Eugenia Bielsa, tras una intensa jornada <a href=\"https:\/\/armstrongyregion.com.ar\/diario\/bielsa-queremos-un-estado-que-se-ocupe-por-igual-de-los-pequenos-y-de-los-grandes-temas-de-la-provincia\/\" title=\"Read more\" >&#8230;<\/a><\/p>\n","protected":false},"author":1,"featured_media":20853,"comment_status":"open","ping_status":"open","sticky":false,"template":"","format":"standard","meta":{"_jetpack_memberships_contains_paid_content":false,"footnotes":"","jetpack_publicize_message":"","jetpack_publicize_feature_enabled":true,"jetpack_social_post_already_shared":false,"jetpack_social_options":{"image_generator_settings":{"template":"highway","default_image_id":0,"enabled":false},"version":2}},"categories":[8,1,2,7,3],"tags":[7690],"class_list":["post-20852","post","type-post","status-publish","format-standard","has-post-thumbnail","hentry","category-deliberando","category-diario-armstrong","category-locales","category-politica","category-region","tag-bielsa-queremos-un-estado-que-se-ocupe-por-igual-de-los-pequenos-y-de-los-grandes-temas-de-la-provincia"],"jetpack_publicize_connections":[],"jetpack_featured_media_url":"https:\/\/armstrongyregion.com.ar\/diario\/wp-content\/uploads\/2019\/03\/Bielsa-Campa\u00f1a19.jpg","jetpack_shortlink":"https:\/\/wp.me\/p62QDO-5qk","jetpack_sharing_enabled":true,"amp_enabled":true,"_links":{"self":[{"href":"https:\/\/armstrongyregion.com.ar\/diario\/wp-json\/wp\/v2\/posts\/20852","targetHints":{"allow":["GET"]}}],"collection":[{"href":"https:\/\/armstrongyregion.com.ar\/diario\/wp-json\/wp\/v2\/posts"}],"about":[{"href":"https:\/\/armstrongyregion.com.ar\/diario\/wp-json\/wp\/v2\/types\/post"}],"author":[{"embeddable":true,"href":"https:\/\/armstrongyregion.com.ar\/diario\/wp-json\/wp\/v2\/users\/1"}],"replies":[{"embeddable":true,"href":"https:\/\/armstrongyregion.com.ar\/diario\/wp-json\/wp\/v2\/comments?post=20852"}],"version-history":[{"count":0,"href":"https:\/\/armstrongyregion.com.ar\/diario\/wp-json\/wp\/v2\/posts\/20852\/revisions"}],"wp:featuredmedia":[{"embeddable":true,"href":"https:\/\/armstrongyregion.com.ar\/diario\/wp-json\/wp\/v2\/media\/20853"}],"wp:attachment":[{"href":"https:\/\/armstrongyregion.com.ar\/diario\/wp-json\/wp\/v2\/media?parent=20852"}],"wp:term":[{"taxonomy":"category","embeddable":true,"href":"https:\/\/armstrongyregion.com.ar\/diario\/wp-json\/wp\/v2\/categories?post=20852"},{"taxonomy":"post_tag","embeddable":true,"href":"https:\/\/armstrongyregion.com.ar\/diario\/wp-json\/wp\/v2\/tags?post=20852"}],"curies":[{"name":"wp","href":"https:\/\/api.w.org\/{rel}","templated":true}]}}