{"id":20849,"date":"2019-03-20T13:07:20","date_gmt":"2019-03-20T13:07:20","guid":{"rendered":"https:\/\/armstrongyregion.com.ar\/diario\/?p=20849"},"modified":"2019-03-20T13:07:20","modified_gmt":"2019-03-20T13:07:20","slug":"perotti-la-politica-de-seguridad-del-socialismo-no-va-mas","status":"publish","type":"post","link":"https:\/\/armstrongyregion.com.ar\/diario\/perotti-la-politica-de-seguridad-del-socialismo-no-va-mas\/","title":{"rendered":"Perotti: \u00abLa pol\u00edtica de seguridad del Socialismo no va m\u00e1s\u00bb."},"content":{"rendered":"<p><a href=\"http:\/\/armstrongyregion.com.ar\/diario\/wp-content\/uploads\/2019\/03\/Perotti-campa\u00f1a-.jpg\"><img loading=\"lazy\" decoding=\"async\" class=\"alignnone size-full wp-image-20850\" src=\"http:\/\/armstrongyregion.com.ar\/diario\/wp-content\/uploads\/2019\/03\/Perotti-campa\u00f1a-.jpg\" alt=\"Perotti-campa\u00f1a-\" width=\"758\" height=\"600\" srcset=\"https:\/\/armstrongyregion.com.ar\/diario\/wp-content\/uploads\/2019\/03\/Perotti-campa\u00f1a-.jpg 758w, https:\/\/armstrongyregion.com.ar\/diario\/wp-content\/uploads\/2019\/03\/Perotti-campa\u00f1a--300x237.jpg 300w\" sizes=\"auto, (max-width: 758px) 100vw, 758px\" \/><\/a><\/p>\n<table width=\"100%\" cellpadding=\"0\">\n<tbody>\n<tr>\n<td class=\"m_-8661233662035208617mailpoet_paragraph\">\u201cLas familias santafesinas tienen que dejar de estar preocupadas por poner rejas o alarmas en sus casas y comercios. Los que tienen que estar preocupados realmente son los delincuentes porque las reglas del juego van a cambiar cuando sea gobernador\u201d asegur\u00f3 Omar Perotti durante una recorrida por las localidades de San Jorge, El Tr\u00e9bol, Casilda y Venado Tuerto.<\/td>\n<\/tr>\n<\/tbody>\n<\/table>\n<table width=\"100%\" cellpadding=\"0\">\n<tbody>\n<tr>\n<td class=\"m_-8661233662035208617mailpoet_paragraph\">En di\u00e1logo con vecinos el precandidato a gobernador por la lista SUMAR indic\u00f3 que \u201cla seguridad es un tema central en los reclamos de todos los santafesinos. Ojal\u00e1 la gente nos d\u00e9 la oportunidad para cambiar la pol\u00edtica de seguridad del socialismo que no va m\u00e1s\u201d.<\/td>\n<\/tr>\n<\/tbody>\n<\/table>\n<table width=\"100%\" cellpadding=\"0\">\n<tbody>\n<tr>\n<td class=\"m_-8661233662035208617mailpoet_paragraph\">\u201cSi el socialismo est\u00e1 conduciendo a la polic\u00eda lo hace mal y los hechos as\u00ed lo demuestran\u201d sostuvo Perotti y agreg\u00f3 que \u201cen seguridad hay que empezar a trabajar en serio. Hay que dejar de apuntarse con el dedo buscando responsables porque a la gente la est\u00e1n apuntado con un arma\u201d.<\/td>\n<\/tr>\n<\/tbody>\n<\/table>\n<table width=\"100%\" cellpadding=\"0\">\n<tbody>\n<tr>\n<td class=\"m_-8661233662035208617mailpoet_paragraph\">\u201cLos santafesinos tienen que saber que vamos a estar a la par del que invierte y da trabajo. Tenemos que agrandar la torta para generar m\u00e1s riquezas en nuestra provincia. Solo as\u00ed vamos a tener mejores pol\u00edticas en educaci\u00f3n, salud y sobre todo en seguridad\u201d afirm\u00f3 el actual senador nacional.<\/td>\n<\/tr>\n<\/tbody>\n<\/table>\n<table width=\"100%\" cellpadding=\"0\">\n<tbody>\n<tr>\n<td class=\"m_-8661233662035208617mailpoet_paragraph\">\u201cQueremos decirle a todos los santafesinos que los valores del trabajo y la producci\u00f3n son centrales y prioritarios para nosotros\u201d asegur\u00f3 Perotti y agreg\u00f3: \u201cvamos a defender nuestra provincia y le vamos a devolver seguridad a nuestra gente\u201d.<\/td>\n<\/tr>\n<\/tbody>\n<\/table>\n","protected":false},"excerpt":{"rendered":"<p>\u201cLas familias santafesinas tienen que dejar de estar preocupadas por poner rejas o alarmas en sus casas y comercios. Los que tienen que estar preocupados realmente son los delincuentes porque las reglas del juego van a cambiar cuando sea gobernador\u201d asegur\u00f3 Omar Perotti durante una recorrida por las localidades de San Jorge, El Tr\u00e9bol, Casilda <a href=\"https:\/\/armstrongyregion.com.ar\/diario\/perotti-la-politica-de-seguridad-del-socialismo-no-va-mas\/\" title=\"Read more\" >&#8230;<\/a><\/p>\n","protected":false},"author":1,"featured_media":20850,"comment_status":"open","ping_status":"open","sticky":false,"template":"","format":"standard","meta":{"_jetpack_memberships_contains_paid_content":false,"footnotes":"","jetpack_publicize_message":"","jetpack_publicize_feature_enabled":true,"jetpack_social_post_already_shared":false,"jetpack_social_options":{"image_generator_settings":{"template":"highway","default_image_id":0,"enabled":false},"version":2}},"categories":[1,7,3],"tags":[7689],"class_list":["post-20849","post","type-post","status-publish","format-standard","has-post-thumbnail","hentry","category-diario-armstrong","category-politica","category-region","tag-perotti-la-politica-de-seguridad-del-socialismo-no-va-mas"],"jetpack_publicize_connections":[],"jetpack_featured_media_url":"https:\/\/armstrongyregion.com.ar\/diario\/wp-content\/uploads\/2019\/03\/Perotti-campa\u00f1a-.jpg","jetpack_shortlink":"https:\/\/wp.me\/p62QDO-5qh","jetpack_sharing_enabled":true,"amp_enabled":true,"_links":{"self":[{"href":"https:\/\/armstrongyregion.com.ar\/diario\/wp-json\/wp\/v2\/posts\/20849","targetHints":{"allow":["GET"]}}],"collection":[{"href":"https:\/\/armstrongyregion.com.ar\/diario\/wp-json\/wp\/v2\/posts"}],"about":[{"href":"https:\/\/armstrongyregion.com.ar\/diario\/wp-json\/wp\/v2\/types\/post"}],"author":[{"embeddable":true,"href":"https:\/\/armstrongyregion.com.ar\/diario\/wp-json\/wp\/v2\/users\/1"}],"replies":[{"embeddable":true,"href":"https:\/\/armstrongyregion.com.ar\/diario\/wp-json\/wp\/v2\/comments?post=20849"}],"version-history":[{"count":0,"href":"https:\/\/armstrongyregion.com.ar\/diario\/wp-json\/wp\/v2\/posts\/20849\/revisions"}],"wp:featuredmedia":[{"embeddable":true,"href":"https:\/\/armstrongyregion.com.ar\/diario\/wp-json\/wp\/v2\/media\/20850"}],"wp:attachment":[{"href":"https:\/\/armstrongyregion.com.ar\/diario\/wp-json\/wp\/v2\/media?parent=20849"}],"wp:term":[{"taxonomy":"category","embeddable":true,"href":"https:\/\/armstrongyregion.com.ar\/diario\/wp-json\/wp\/v2\/categories?post=20849"},{"taxonomy":"post_tag","embeddable":true,"href":"https:\/\/armstrongyregion.com.ar\/diario\/wp-json\/wp\/v2\/tags?post=20849"}],"curies":[{"name":"wp","href":"https:\/\/api.w.org\/{rel}","templated":true}]}}