{"id":20825,"date":"2019-03-18T20:32:40","date_gmt":"2019-03-18T20:32:40","guid":{"rendered":"https:\/\/armstrongyregion.com.ar\/diario\/?p=20825"},"modified":"2019-03-18T20:32:40","modified_gmt":"2019-03-18T20:32:40","slug":"armstrong-dia-mundial-del-sindrome-de-down","status":"publish","type":"post","link":"https:\/\/armstrongyregion.com.ar\/diario\/armstrong-dia-mundial-del-sindrome-de-down\/","title":{"rendered":"Armstrong. D\u00eda Mundial del S\u00edndrome de Down."},"content":{"rendered":"<p><a href=\"http:\/\/armstrongyregion.com.ar\/diario\/wp-content\/uploads\/2019\/03\/campeones-dia-mundial-del-sindrome-de-down-1.jpg\"><img loading=\"lazy\" decoding=\"async\" class=\"alignnone size-full wp-image-20826\" src=\"http:\/\/armstrongyregion.com.ar\/diario\/wp-content\/uploads\/2019\/03\/campeones-dia-mundial-del-sindrome-de-down-1.jpg\" alt=\"campeones dia mundial del sindrome de down (1)\" width=\"768\" height=\"556\" srcset=\"https:\/\/armstrongyregion.com.ar\/diario\/wp-content\/uploads\/2019\/03\/campeones-dia-mundial-del-sindrome-de-down-1.jpg 768w, https:\/\/armstrongyregion.com.ar\/diario\/wp-content\/uploads\/2019\/03\/campeones-dia-mundial-del-sindrome-de-down-1-300x217.jpg 300w\" sizes=\"auto, (max-width: 768px) 100vw, 768px\" \/><\/a>La Direcci\u00f3n de Promoci\u00f3n Comunitaria de la Municipalidad de Armstrong y el Grupo Juntos por la Inclusi\u00f3n invitan a la proyecci\u00f3n de la pel\u00edcula \u201cCampeones\u201d, actividad que se realiza para concientizar y sensibilizar a la poblaci\u00f3n sobre el tema inclusi\u00f3n y discapacidad.<\/p>\n<p>La cita es el d\u00eda jueves 21 de marzo, D\u00eda Mundial del S\u00edndrome de Down, en la sala Iris Marga donde se brindar\u00e1n 3 funciones: a las 9, 13:30 y 21 hs. con entrada libre y gratuita.<\/p>\n<p>La convocatoria se abre a instituciones y p\u00fablico en general.<\/p>\n<p>Este es el segundo a\u00f1o consecutivo que este \u00e1rea del municipio local trabaja conjuntamente con los integrantes del Grupo Juntos por la Inclusi\u00f3n llevando adelante diferentes actividades referentes a discapacidad e inclusi\u00f3n.<\/p>\n<p>En esta oportunidad proponen la proyecci\u00f3n de este film espa\u00f1ol que se basa en estos dos temas con el prop\u00f3sito que desde los diferentes \u00e1mbitos de la comunidad puedan hablar al respecto y\/o continuar alguna actividad durante ese d\u00eda.<\/p>\n<p>Ser\u00e1 la primera actividad del a\u00f1o en conjunto y habr\u00e1 otras que se desarrollar\u00e1n a lo largo del a\u00f1o.<\/p>\n<p>La pel\u00edcula \u201cCampeones\u201d fue estrenada en Espa\u00f1a en abril de 2018, ganadora de 3 premios Goya, tiene una duraci\u00f3n de 100 minutos y pertenece a los g\u00e9neros comedia, drama, deporte. No se recomienda a menores de 7 a\u00f1os.<\/p>\n<p>Marco no est\u00e1 pasando por el mejor momento. Este entrenador de baloncesto tiene demasiados problemas personales y profesionales, que est\u00e1n terminando con toda su motivaci\u00f3n ante la vida. Todo se desborda durante un partido de Liga, en el que termina pele\u00e1ndose con otro entrenador. Marco pierde su trabajo y en medio de una borrachera sufre un accidente de tr\u00e1fico, cuya multa ser\u00e1 ejemplar: Se convertir\u00e1 en entrenador de un equipo de baloncesto de personas con discapacidad intelectual. La perspectiva no es muy del agrado de Marco, pero pronto se dar\u00e1 cuenta de que tiene mucho que aprender de este extra\u00f1o grupo.<\/p>\n<p>&nbsp;<\/p>\n","protected":false},"excerpt":{"rendered":"<p>La Direcci\u00f3n de Promoci\u00f3n Comunitaria de la Municipalidad de Armstrong y el Grupo Juntos por la Inclusi\u00f3n invitan a la proyecci\u00f3n de la pel\u00edcula \u201cCampeones\u201d, actividad que se realiza para concientizar y sensibilizar a la poblaci\u00f3n sobre el tema inclusi\u00f3n y discapacidad. La cita es el d\u00eda jueves 21 de marzo, D\u00eda Mundial del S\u00edndrome <a href=\"https:\/\/armstrongyregion.com.ar\/diario\/armstrong-dia-mundial-del-sindrome-de-down\/\" title=\"Read more\" >&#8230;<\/a><\/p>\n","protected":false},"author":1,"featured_media":20826,"comment_status":"open","ping_status":"open","sticky":false,"template":"","format":"standard","meta":{"_jetpack_memberships_contains_paid_content":false,"footnotes":"","jetpack_publicize_message":"","jetpack_publicize_feature_enabled":true,"jetpack_social_post_already_shared":false,"jetpack_social_options":{"image_generator_settings":{"template":"highway","default_image_id":0,"enabled":false},"version":2}},"categories":[6,8,1,2,3],"tags":[7684],"class_list":["post-20825","post","type-post","status-publish","format-standard","has-post-thumbnail","hentry","category-cultura-entretenimiento","category-deliberando","category-diario-armstrong","category-locales","category-region","tag-dia-mundial-del-sindrome-de-down"],"jetpack_publicize_connections":[],"jetpack_featured_media_url":"https:\/\/armstrongyregion.com.ar\/diario\/wp-content\/uploads\/2019\/03\/campeones-dia-mundial-del-sindrome-de-down-1.jpg","jetpack_shortlink":"https:\/\/wp.me\/p62QDO-5pT","jetpack_sharing_enabled":true,"amp_enabled":true,"_links":{"self":[{"href":"https:\/\/armstrongyregion.com.ar\/diario\/wp-json\/wp\/v2\/posts\/20825","targetHints":{"allow":["GET"]}}],"collection":[{"href":"https:\/\/armstrongyregion.com.ar\/diario\/wp-json\/wp\/v2\/posts"}],"about":[{"href":"https:\/\/armstrongyregion.com.ar\/diario\/wp-json\/wp\/v2\/types\/post"}],"author":[{"embeddable":true,"href":"https:\/\/armstrongyregion.com.ar\/diario\/wp-json\/wp\/v2\/users\/1"}],"replies":[{"embeddable":true,"href":"https:\/\/armstrongyregion.com.ar\/diario\/wp-json\/wp\/v2\/comments?post=20825"}],"version-history":[{"count":0,"href":"https:\/\/armstrongyregion.com.ar\/diario\/wp-json\/wp\/v2\/posts\/20825\/revisions"}],"wp:featuredmedia":[{"embeddable":true,"href":"https:\/\/armstrongyregion.com.ar\/diario\/wp-json\/wp\/v2\/media\/20826"}],"wp:attachment":[{"href":"https:\/\/armstrongyregion.com.ar\/diario\/wp-json\/wp\/v2\/media?parent=20825"}],"wp:term":[{"taxonomy":"category","embeddable":true,"href":"https:\/\/armstrongyregion.com.ar\/diario\/wp-json\/wp\/v2\/categories?post=20825"},{"taxonomy":"post_tag","embeddable":true,"href":"https:\/\/armstrongyregion.com.ar\/diario\/wp-json\/wp\/v2\/tags?post=20825"}],"curies":[{"name":"wp","href":"https:\/\/api.w.org\/{rel}","templated":true}]}}