{"id":20815,"date":"2019-03-18T11:02:38","date_gmt":"2019-03-18T11:02:38","guid":{"rendered":"https:\/\/armstrongyregion.com.ar\/diario\/?p=20815"},"modified":"2019-03-18T11:02:38","modified_gmt":"2019-03-18T11:02:38","slug":"los-candidatos-del-departamento-que-integran-el-frente-se-reunieron-en-las-parejas","status":"publish","type":"post","link":"https:\/\/armstrongyregion.com.ar\/diario\/los-candidatos-del-departamento-que-integran-el-frente-se-reunieron-en-las-parejas\/","title":{"rendered":"Los Candidatos del departamento que integran el Frente se reunieron en Las Parejas."},"content":{"rendered":"<p><a href=\"http:\/\/armstrongyregion.com.ar\/diario\/wp-content\/uploads\/2019\/03\/Frente-en-laspa.jpg\"><img loading=\"lazy\" decoding=\"async\" class=\"alignnone size-full wp-image-20816\" src=\"http:\/\/armstrongyregion.com.ar\/diario\/wp-content\/uploads\/2019\/03\/Frente-en-laspa.jpg\" alt=\"Frente-en-laspa\" width=\"768\" height=\"384\" srcset=\"https:\/\/armstrongyregion.com.ar\/diario\/wp-content\/uploads\/2019\/03\/Frente-en-laspa.jpg 768w, https:\/\/armstrongyregion.com.ar\/diario\/wp-content\/uploads\/2019\/03\/Frente-en-laspa-300x150.jpg 300w\" sizes=\"auto, (max-width: 768px) 100vw, 768px\" \/><\/a>En un Bar c\u00e9ntrico de la ciudad parejense, se desarroll\u00f3 el acto de presentaci\u00f3n de los candidatos del Frente Progresista C\u00edvico y Social para las pr\u00f3ximas elecciones PASO.<a href=\"http:\/\/i1.wp.com\/www.radiolasparejas.com.ar\/wp-content\/uploads\/2019\/03\/IMG_2930.jpg\" rel=\"lightbox[24164]\"><img loading=\"lazy\" decoding=\"async\" class=\"alignleft size-medium wp-image-24166\" src=\"http:\/\/i1.wp.com\/www.radiolasparejas.com.ar\/wp-content\/uploads\/2019\/03\/IMG_2930.jpg?resize=300%2C225\" sizes=\"auto, (max-width: 300px) 100vw, 300px\" srcset=\"http:\/\/i1.wp.com\/www.radiolasparejas.com.ar\/wp-content\/uploads\/2019\/03\/IMG_2930.jpg?resize=300%2C225 300w, http:\/\/i1.wp.com\/www.radiolasparejas.com.ar\/wp-content\/uploads\/2019\/03\/IMG_2930.jpg?resize=768%2C576 768w, http:\/\/i1.wp.com\/www.radiolasparejas.com.ar\/wp-content\/uploads\/2019\/03\/IMG_2930.jpg?resize=1024%2C768 1024w, http:\/\/i1.wp.com\/www.radiolasparejas.com.ar\/wp-content\/uploads\/2019\/03\/IMG_2930.jpg?resize=1080%2C810 1080w\" alt=\"IMG_2930\" width=\"300\" height=\"225\" \/><\/a><\/p>\n<p>All\u00ed estuvo el Gobernador de la Provincia, Miguel Lifschitz, acompa\u00f1ando a cada uno de los candidatos partidarios de cada distrito de este departamento Belgrano.<\/p>\n<p>Sandra Cl\u00e9rici, candidata a Intendente de Las Parejas fue quien dio la bienvenida a los presentes, hablando del respaldo que ellos reciben del actual gobernador, \u201ccon la presencia sostenida de todos sus ministros y colaboradores, lo que signific\u00f3 para nosotros una cercan\u00eda y la posibilidad de gestionar a lo largo de estos tres a\u00f1os\u201d, para agregar que quienes integran el Frente Progresista \u201csabemos que lo que hacemos habla de nosotros, tanto con la garant\u00eda de los derechos y tambi\u00e9n con la fuerte impronta que usted (gobernador) le dio a su gesti\u00f3n en cuanto a todas las obras\u201d.<\/p>\n<p><a href=\"http:\/\/armstrongyregion.com.ar\/diario\/wp-content\/uploads\/2019\/03\/Lista-Armstrong.frente.jpg\"><img loading=\"lazy\" decoding=\"async\" class=\"alignnone size-full wp-image-20817\" src=\"http:\/\/armstrongyregion.com.ar\/diario\/wp-content\/uploads\/2019\/03\/Lista-Armstrong.frente.jpg\" alt=\"Lista-Armstrong.frente\" width=\"768\" height=\"515\" srcset=\"https:\/\/armstrongyregion.com.ar\/diario\/wp-content\/uploads\/2019\/03\/Lista-Armstrong.frente.jpg 768w, https:\/\/armstrongyregion.com.ar\/diario\/wp-content\/uploads\/2019\/03\/Lista-Armstrong.frente-300x201.jpg 300w\" sizes=\"auto, (max-width: 768px) 100vw, 768px\" \/><\/a>Miguel Sol\u00eds, candidato a Senador Provincial, enfatiz\u00f3 en que competir\u00e1n con dos modelos bien marcados, \u201cuno que gobern\u00f3 25 a\u00f1os la Provincia y que hoy se adjudican las obras que no le corresponden y un modelo nacional que tiene muchas y grandes falencias y no resuelve los problemas de los argentinos\u201d, para agregar que est\u00e1n m\u00e1s que satisfecho con lo realizado en los \u00faltimos a\u00f1os con Binner, Bonfatti y ahora con Lifschitz, \u201cque le ha dado una impronta de lo que es la obra p\u00fablica, donde este departamento ha sido uno de los m\u00e1s beneficiados\u201d.<\/p>\n<p>El cierre estuvo a cargo del gobernador Lifschitz, hablando del optimismo del trabajo realizado, \u201cel que hicimos entre todos, de los proyectos m\u00e1s importantes que concretamos, pero ninguno hubiese sido posible sin el trabajo en conjunto de mucha gente que desde los gobiernos locales, las intendencias, presidencias de comunas, o desde la militancia pol\u00edtica, han hecho posible que estuvi\u00e9ramos gobernando, con un conocimiento de la realidad de cada lugar, una visi\u00f3n y una perspectiva del futuro de santa fe y que hayamos podido concretar entre todos\u201d.<\/p>\n<p>Lifschitz vaticin\u00f3 que tendr\u00e1n mayor\u00eda en las dos c\u00e1maras de la Provincia, \u201cy Las Parejas merece tener una intendenta del Frente Progresista, una mujer por primera vez al frente de la ciudad\u201d, comentando que a nivel provincial son capaces de hacer mucho m\u00e1s de lo que han realizado, \u201cvamos a demostrar a los santafesinos que esto no es un techo, sino un piso, porque lo que hemos logrado en estos 12 a\u00f1os, es para seguir avanzando en la etapa que viene y cada uno, desde el lugar que nos toque, estaremos trabajando activamente para que esto se pueda concretar\u201d.<\/p>\n<p>Fuente: Radio Las Parejas.<\/p>\n","protected":false},"excerpt":{"rendered":"<p>En un Bar c\u00e9ntrico de la ciudad parejense, se desarroll\u00f3 el acto de presentaci\u00f3n de los candidatos del Frente Progresista C\u00edvico y Social para las pr\u00f3ximas elecciones PASO. All\u00ed estuvo el Gobernador de la Provincia, Miguel Lifschitz, acompa\u00f1ando a cada uno de los candidatos partidarios de cada distrito de este departamento Belgrano. Sandra Cl\u00e9rici, candidata <a href=\"https:\/\/armstrongyregion.com.ar\/diario\/los-candidatos-del-departamento-que-integran-el-frente-se-reunieron-en-las-parejas\/\" title=\"Read more\" >&#8230;<\/a><\/p>\n","protected":false},"author":1,"featured_media":20816,"comment_status":"open","ping_status":"open","sticky":false,"template":"","format":"standard","meta":{"_jetpack_memberships_contains_paid_content":false,"footnotes":"","jetpack_publicize_message":"","jetpack_publicize_feature_enabled":true,"jetpack_social_post_already_shared":false,"jetpack_social_options":{"image_generator_settings":{"template":"highway","default_image_id":0,"enabled":false},"version":2}},"categories":[8,1,2,7,3],"tags":[7682],"class_list":["post-20815","post","type-post","status-publish","format-standard","has-post-thumbnail","hentry","category-deliberando","category-diario-armstrong","category-locales","category-politica","category-region","tag-los-candidatos-del-departamento-que-integran-el-frente-se-reunieron-en-las-parejas"],"jetpack_publicize_connections":[],"jetpack_featured_media_url":"https:\/\/armstrongyregion.com.ar\/diario\/wp-content\/uploads\/2019\/03\/Frente-en-laspa.jpg","jetpack_shortlink":"https:\/\/wp.me\/p62QDO-5pJ","jetpack_sharing_enabled":true,"amp_enabled":true,"_links":{"self":[{"href":"https:\/\/armstrongyregion.com.ar\/diario\/wp-json\/wp\/v2\/posts\/20815","targetHints":{"allow":["GET"]}}],"collection":[{"href":"https:\/\/armstrongyregion.com.ar\/diario\/wp-json\/wp\/v2\/posts"}],"about":[{"href":"https:\/\/armstrongyregion.com.ar\/diario\/wp-json\/wp\/v2\/types\/post"}],"author":[{"embeddable":true,"href":"https:\/\/armstrongyregion.com.ar\/diario\/wp-json\/wp\/v2\/users\/1"}],"replies":[{"embeddable":true,"href":"https:\/\/armstrongyregion.com.ar\/diario\/wp-json\/wp\/v2\/comments?post=20815"}],"version-history":[{"count":0,"href":"https:\/\/armstrongyregion.com.ar\/diario\/wp-json\/wp\/v2\/posts\/20815\/revisions"}],"wp:featuredmedia":[{"embeddable":true,"href":"https:\/\/armstrongyregion.com.ar\/diario\/wp-json\/wp\/v2\/media\/20816"}],"wp:attachment":[{"href":"https:\/\/armstrongyregion.com.ar\/diario\/wp-json\/wp\/v2\/media?parent=20815"}],"wp:term":[{"taxonomy":"category","embeddable":true,"href":"https:\/\/armstrongyregion.com.ar\/diario\/wp-json\/wp\/v2\/categories?post=20815"},{"taxonomy":"post_tag","embeddable":true,"href":"https:\/\/armstrongyregion.com.ar\/diario\/wp-json\/wp\/v2\/tags?post=20815"}],"curies":[{"name":"wp","href":"https:\/\/api.w.org\/{rel}","templated":true}]}}