{"id":2079,"date":"2015-05-09T02:58:23","date_gmt":"2015-05-09T02:58:23","guid":{"rendered":"https:\/\/armstrongyregion.com.ar\/diario\/?p=2079"},"modified":"2015-05-09T02:58:23","modified_gmt":"2015-05-09T02:58:23","slug":"las-parejas-la-orquesta-sinfonica-municipal-herramienta-cultural-y-social-viene-creciendo","status":"publish","type":"post","link":"https:\/\/armstrongyregion.com.ar\/diario\/las-parejas-la-orquesta-sinfonica-municipal-herramienta-cultural-y-social-viene-creciendo\/","title":{"rendered":"Las Parejas. La Orquesta Sinf\u00f3nica Municipal, herramienta cultural y social viene creciendo."},"content":{"rendered":"<p><a href=\"http:\/\/armstrongyregion.com.ar\/diario\/wp-content\/uploads\/2015\/05\/orquesta-sinfonica-2.jpg\"><img loading=\"lazy\" decoding=\"async\" src=\"http:\/\/armstrongyregion.com.ar\/diario\/wp-content\/uploads\/2015\/05\/orquesta-sinfonica-2-300x224.jpg\" alt=\"orquesta sinfonica 2\" width=\"300\" height=\"224\" class=\"alignnone size-medium wp-image-2080\" srcset=\"https:\/\/armstrongyregion.com.ar\/diario\/wp-content\/uploads\/2015\/05\/orquesta-sinfonica-2-300x224.jpg 300w, https:\/\/armstrongyregion.com.ar\/diario\/wp-content\/uploads\/2015\/05\/orquesta-sinfonica-2.jpg 667w\" sizes=\"auto, (max-width: 300px) 100vw, 300px\" \/><\/a>Nuestra Orquesta pertenece al Programa Nacional de Orquesta y Coros infantiles y juveniles para el Bicentenario y nace en octubre de 2012, cuando luego de proyectos, reuniones y gestiones, recibimos los 48 instrumentos y los 10 cargos para comenzar a trabajar. <\/p>\n<p>Desde ese momento recorrimos todas las escuelas de nuestra ciudad con los profes a cargo de cada instrumento con el fruto de 53 alumnos inscriptos para comenzar a tocar.<\/p>\n<p>En el a\u00f1o 2013 el estudio fue el protagonista. En la casa de la cultura los alumnos, con una asistencia muy positiva, lograron realizar su primer presentaci\u00f3n en p\u00fablico en el mes de agosto, a menos de un a\u00f1o de haber comenzado, interpretando 5 temas de diferentes g\u00e9neros y variada dificultad, el n\u00famero de integrantes se mantuvo.<\/p>\n<p>El 2014 se desarroll\u00f3 con muchos viajes y perfeccionamientos, en enero a la Colonia Chapadmalal donde, a orillas del mar, el grupo se consolid\u00f3 como tal realizando juegos, talleres y diversas actividades integradoras. Participamos conjuntamente con otras cuatro orquestas de dos encuentros de estudio, uno en Huerta Grande y otro en Rosario, donde luego de cuatro d\u00edas de arduos ensayos de casi 8 horas diarias, se realiza un concierto final y en \u00e9l se interpreta el repertorio estudiado formando una gran orquesta.<\/p>\n<p>La orquesta crece notablemente y el n\u00famero de integrantes al final de 2014 fue de casi 90 ni\u00f1os y j\u00f3venes; a lo que tambi\u00e9n sumamos, un piano ac\u00fastico para hacer repertorio de c\u00e1mara, y otro nuevo instrumento con un nuevo profesor, al haber recibido un Corno Franc\u00e9s, ampliando as\u00ed nuestra plantilla instrumental.<\/p>\n<p>Este a\u00f1o comenz\u00f3 con un total de 115 alumnos, donde todos puedan tocar y participar de las producciones musicales colectivas, gracias a la llegada de nuevos instrumentos desde la direcci\u00f3n del Programa de Orquestas, 16 nuevos instrumentos, 20 atriles y material did\u00e1ctico.<\/p>\n<p>Hace pocos d\u00edas, tambi\u00e9n recibimos la grata noticia de que convocaban a uno de nuestros alumnos para integrar una orquesta federal que ser\u00e1 formada para interpretar un repertorio especialmente creado para el acto central nacional del 25 de mayo, que se realizar\u00e1 en la Plaza de Mayo de la ciudad de Bs As en el corriente a\u00f1o.<\/p>\n<p>Con un repertorio que crece al mismo comp\u00e1s que la orquesta, estamos orgullosos de ser parte de la Orquesta LAS PAREJAS, que adem\u00e1s de lo cultural, cumple una importante tarea desde lo social, ya que muchos ni\u00f1os de la ciudad est\u00e1n contenidos, form\u00e1ndose a trav\u00e9s de los valores de la amistad, el compa\u00f1erismo, trabajo en equipo, la cultura y en sentirse parte de un proyecto que ya ocupa un lugar importante en nuestra ciudad.<\/p>\n","protected":false},"excerpt":{"rendered":"<p>Nuestra Orquesta pertenece al Programa Nacional de Orquesta y Coros infantiles y juveniles para el Bicentenario y nace en octubre de 2012, cuando luego de proyectos, reuniones y gestiones, recibimos los 48 instrumentos y los 10 cargos para comenzar a trabajar. Desde ese momento recorrimos todas las escuelas de nuestra ciudad con los profes a <a href=\"https:\/\/armstrongyregion.com.ar\/diario\/las-parejas-la-orquesta-sinfonica-municipal-herramienta-cultural-y-social-viene-creciendo\/\" title=\"Read more\" >&#8230;<\/a><\/p>\n","protected":false},"author":2,"featured_media":2080,"comment_status":"open","ping_status":"open","sticky":false,"template":"","format":"standard","meta":{"_jetpack_memberships_contains_paid_content":false,"footnotes":"","jetpack_publicize_message":"","jetpack_publicize_feature_enabled":true,"jetpack_social_post_already_shared":false,"jetpack_social_options":{"image_generator_settings":{"template":"highway","default_image_id":0,"enabled":false},"version":2}},"categories":[6,1,3],"tags":[1653,443,1652,1649,524,1650,1651,1111,717,13],"class_list":["post-2079","post","type-post","status-publish","format-standard","has-post-thumbnail","hentry","category-cultura-entretenimiento","category-diario-armstrong","category-region","tag-creciendo","tag-cultural","tag-herramienta","tag-las-parejas-la","tag-municipal","tag-orquesta","tag-sinfonica","tag-social","tag-viene","tag-y"],"jetpack_publicize_connections":[],"jetpack_featured_media_url":"https:\/\/armstrongyregion.com.ar\/diario\/wp-content\/uploads\/2015\/05\/orquesta-sinfonica-2.jpg","jetpack_shortlink":"https:\/\/wp.me\/p62QDO-xx","jetpack_sharing_enabled":true,"amp_enabled":true,"_links":{"self":[{"href":"https:\/\/armstrongyregion.com.ar\/diario\/wp-json\/wp\/v2\/posts\/2079","targetHints":{"allow":["GET"]}}],"collection":[{"href":"https:\/\/armstrongyregion.com.ar\/diario\/wp-json\/wp\/v2\/posts"}],"about":[{"href":"https:\/\/armstrongyregion.com.ar\/diario\/wp-json\/wp\/v2\/types\/post"}],"author":[{"embeddable":true,"href":"https:\/\/armstrongyregion.com.ar\/diario\/wp-json\/wp\/v2\/users\/2"}],"replies":[{"embeddable":true,"href":"https:\/\/armstrongyregion.com.ar\/diario\/wp-json\/wp\/v2\/comments?post=2079"}],"version-history":[{"count":0,"href":"https:\/\/armstrongyregion.com.ar\/diario\/wp-json\/wp\/v2\/posts\/2079\/revisions"}],"wp:featuredmedia":[{"embeddable":true,"href":"https:\/\/armstrongyregion.com.ar\/diario\/wp-json\/wp\/v2\/media\/2080"}],"wp:attachment":[{"href":"https:\/\/armstrongyregion.com.ar\/diario\/wp-json\/wp\/v2\/media?parent=2079"}],"wp:term":[{"taxonomy":"category","embeddable":true,"href":"https:\/\/armstrongyregion.com.ar\/diario\/wp-json\/wp\/v2\/categories?post=2079"},{"taxonomy":"post_tag","embeddable":true,"href":"https:\/\/armstrongyregion.com.ar\/diario\/wp-json\/wp\/v2\/tags?post=2079"}],"curies":[{"name":"wp","href":"https:\/\/api.w.org\/{rel}","templated":true}]}}