{"id":20783,"date":"2019-03-15T23:29:14","date_gmt":"2019-03-15T23:29:14","guid":{"rendered":"https:\/\/armstrongyregion.com.ar\/diario\/?p=20783"},"modified":"2019-03-15T23:29:14","modified_gmt":"2019-03-15T23:29:14","slug":"armstrong-se-realizo-la-presentacion-del-sistema-sube","status":"publish","type":"post","link":"https:\/\/armstrongyregion.com.ar\/diario\/armstrong-se-realizo-la-presentacion-del-sistema-sube\/","title":{"rendered":"Armstrong. Se realiz\u00f3 la presentaci\u00f3n del Sistema SUBE."},"content":{"rendered":"<p><a href=\"http:\/\/armstrongyregion.com.ar\/diario\/wp-content\/uploads\/2019\/03\/nsocialistas-Sube.jpg\"><img loading=\"lazy\" decoding=\"async\" class=\"alignnone size-full wp-image-20786\" src=\"http:\/\/armstrongyregion.com.ar\/diario\/wp-content\/uploads\/2019\/03\/nsocialistas-Sube.jpg\" alt=\"nsocialistas-Sube\" width=\"960\" height=\"640\" srcset=\"https:\/\/armstrongyregion.com.ar\/diario\/wp-content\/uploads\/2019\/03\/nsocialistas-Sube.jpg 960w, https:\/\/armstrongyregion.com.ar\/diario\/wp-content\/uploads\/2019\/03\/nsocialistas-Sube-300x200.jpg 300w\" sizes=\"auto, (max-width: 960px) 100vw, 960px\" \/><\/a>El d\u00eda jueves 14 de marzo, el Intendente municipal Dr. Pablo Verdecchia recibi\u00f3 al Secretario de Transporte de la Provincia de Santa Fe Pablo Jukic, al Subsecretario H\u00e9ctor Zanda y al Director de Transporte Sergio Ludue\u00f1a para realizar la presentaci\u00f3n del sistema SUBE de transporte.<\/p>\n<p>El acto se llev\u00f3 a cabo en la terminal de \u00f3mnibus de la ciudad y cont\u00f3 con la presencia del Diputado Miguel Sol\u00eds, el Concejal Alejandro Pertusati y la Dra. Ver\u00f3nica Barone.<\/p>\n<p>El Gobierno Provincial extiende su servicio\u00a0de transporte p\u00fablico de pasajeros en la zona de Carcara\u00f1\u00e1, Correa,\u00a0Ca\u00f1ada de G\u00f3mez, Armstrong, Las Parejas y Las Rosas, aumentando la\u00a0frecuencia de los mismos.<\/p>\n<p>La distribuci\u00f3n de las\u00a0tarjetas inicialmente se realiza de manera gratuita, solamente se\u00a0deber\u00e1 completar un formulario y presentar un documento que valide la\u00a0identidad del solicitante. El centro de atenci\u00f3n y de gesti\u00f3n de la\u00a0misma se encuentra en la terminal de \u00f3mnibus.<\/p>\n<p>Las recargas podr\u00e1n realizarse a trav\u00e9s de internet, homebanking , Mercado Pago, Santa Fe Servicios y, pr\u00f3ximamente, en kioscos que realicen cargas virtuales.<\/p>\n<p>La empresa UTE 33\/9, ganadora de la licitaci\u00f3n provincial, funciona con Sistema \u00danico de Boleto\u00a0Electr\u00f3nico.<\/p>\n<p>Pueden acceder jubilados y pensionados, excombatientes de Malvinas, personal de trabajo dom\u00e9stico, beneficiarios de la Asignaci\u00f3n Universal por Hijo o por embarazo, beneficiarios del Plan Progresar, Programas Argentina Trabaja y Ellas Hacen, monotributo social, pensiones no contributivas. Los beneficiarios de la Tarifa Social Federal podr\u00e1n gozar de un 55 % de descuento.<\/p>\n","protected":false},"excerpt":{"rendered":"<p>El d\u00eda jueves 14 de marzo, el Intendente municipal Dr. Pablo Verdecchia recibi\u00f3 al Secretario de Transporte de la Provincia de Santa Fe Pablo Jukic, al Subsecretario H\u00e9ctor Zanda y al Director de Transporte Sergio Ludue\u00f1a para realizar la presentaci\u00f3n del sistema SUBE de transporte. El acto se llev\u00f3 a cabo en la terminal de <a href=\"https:\/\/armstrongyregion.com.ar\/diario\/armstrong-se-realizo-la-presentacion-del-sistema-sube\/\" title=\"Read more\" >&#8230;<\/a><\/p>\n","protected":false},"author":1,"featured_media":20786,"comment_status":"open","ping_status":"open","sticky":false,"template":"","format":"standard","meta":{"_jetpack_memberships_contains_paid_content":false,"footnotes":"","jetpack_publicize_message":"","jetpack_publicize_feature_enabled":true,"jetpack_social_post_already_shared":false,"jetpack_social_options":{"image_generator_settings":{"template":"highway","default_image_id":0,"enabled":false},"version":2}},"categories":[8,1,2,7],"tags":[7674],"class_list":["post-20783","post","type-post","status-publish","format-standard","has-post-thumbnail","hentry","category-deliberando","category-diario-armstrong","category-locales","category-politica","tag-armstrong-se-realizo-la-presentacion-del-sistema-sube"],"jetpack_publicize_connections":[],"jetpack_featured_media_url":"https:\/\/armstrongyregion.com.ar\/diario\/wp-content\/uploads\/2019\/03\/nsocialistas-Sube.jpg","jetpack_shortlink":"https:\/\/wp.me\/p62QDO-5pd","jetpack_sharing_enabled":true,"amp_enabled":true,"_links":{"self":[{"href":"https:\/\/armstrongyregion.com.ar\/diario\/wp-json\/wp\/v2\/posts\/20783","targetHints":{"allow":["GET"]}}],"collection":[{"href":"https:\/\/armstrongyregion.com.ar\/diario\/wp-json\/wp\/v2\/posts"}],"about":[{"href":"https:\/\/armstrongyregion.com.ar\/diario\/wp-json\/wp\/v2\/types\/post"}],"author":[{"embeddable":true,"href":"https:\/\/armstrongyregion.com.ar\/diario\/wp-json\/wp\/v2\/users\/1"}],"replies":[{"embeddable":true,"href":"https:\/\/armstrongyregion.com.ar\/diario\/wp-json\/wp\/v2\/comments?post=20783"}],"version-history":[{"count":0,"href":"https:\/\/armstrongyregion.com.ar\/diario\/wp-json\/wp\/v2\/posts\/20783\/revisions"}],"wp:featuredmedia":[{"embeddable":true,"href":"https:\/\/armstrongyregion.com.ar\/diario\/wp-json\/wp\/v2\/media\/20786"}],"wp:attachment":[{"href":"https:\/\/armstrongyregion.com.ar\/diario\/wp-json\/wp\/v2\/media?parent=20783"}],"wp:term":[{"taxonomy":"category","embeddable":true,"href":"https:\/\/armstrongyregion.com.ar\/diario\/wp-json\/wp\/v2\/categories?post=20783"},{"taxonomy":"post_tag","embeddable":true,"href":"https:\/\/armstrongyregion.com.ar\/diario\/wp-json\/wp\/v2\/tags?post=20783"}],"curies":[{"name":"wp","href":"https:\/\/api.w.org\/{rel}","templated":true}]}}