{"id":20780,"date":"2019-03-15T13:21:43","date_gmt":"2019-03-15T13:21:43","guid":{"rendered":"https:\/\/armstrongyregion.com.ar\/diario\/?p=20780"},"modified":"2019-03-15T13:21:43","modified_gmt":"2019-03-15T13:21:43","slug":"omar-perotti-visitara-las-ciudades-del-departamento-belgrano","status":"publish","type":"post","link":"https:\/\/armstrongyregion.com.ar\/diario\/omar-perotti-visitara-las-ciudades-del-departamento-belgrano\/","title":{"rendered":"Omar Perotti visitara las ciudades del Departamento Belgrano."},"content":{"rendered":"<div><a href=\"http:\/\/armstrongyregion.com.ar\/diario\/wp-content\/uploads\/2019\/03\/GC-2019-03-15-Fb-Senadores-con-Perotti.jpg\"><img loading=\"lazy\" decoding=\"async\" class=\"alignnone size-full wp-image-20781\" src=\"http:\/\/armstrongyregion.com.ar\/diario\/wp-content\/uploads\/2019\/03\/GC-2019-03-15-Fb-Senadores-con-Perotti.jpg\" alt=\"GC - 2019-03-15- Fb - Senadores con Perotti\" width=\"768\" height=\"403\" srcset=\"https:\/\/armstrongyregion.com.ar\/diario\/wp-content\/uploads\/2019\/03\/GC-2019-03-15-Fb-Senadores-con-Perotti.jpg 768w, https:\/\/armstrongyregion.com.ar\/diario\/wp-content\/uploads\/2019\/03\/GC-2019-03-15-Fb-Senadores-con-Perotti-300x157.jpg 300w\" sizes=\"auto, (max-width: 768px) 100vw, 768px\" \/><\/a>El senador nacional y precandidato a gobernador Omar Perotti recorrer\u00e1 las ciudades del departamento Belgrano acompa\u00f1ado por el senador provincial Guillermo Cornaglia. La agenda comenzar\u00e1 a partir del mediod\u00eda en Armstrong, luego seguir\u00e1 en Las Parejas y finalizar\u00e1 en Las Rosas con la presentaci\u00f3n de candidatos locales de la lista Sumar, dentro del Frente Juntos.<\/div>\n<div><\/div>\n<div>En las tres ciudades, Perotti y Cornaglia visitar\u00e1n peque\u00f1as y medianas empresas, industrias, barrios y medios de comunicaci\u00f3n.<\/div>\n<div><\/div>\n<div><b>Reuni\u00f3n con senadores del Bloque Justicialista.<\/b><\/div>\n<div><\/div>\n<div>El pre candidato a gobernador Omar Perotti se reuni\u00f3 el jueves 14 de marzo por la tarde en Rosario con los senadores provinciales del Bloque Justicialista. El encuentro, donde tambi\u00e9n estuvo la diputada nacional y precandidata a vicegobernadora Alejandra Rodenas, tuvo como objetivo intercambiar ideas y opiniones para llevar adelante pol\u00edticas p\u00fablicas que beneficien a todos los santafesinos.<\/div>\n","protected":false},"excerpt":{"rendered":"<p>El senador nacional y precandidato a gobernador Omar Perotti recorrer\u00e1 las ciudades del departamento Belgrano acompa\u00f1ado por el senador provincial Guillermo Cornaglia. La agenda comenzar\u00e1 a partir del mediod\u00eda en Armstrong, luego seguir\u00e1 en Las Parejas y finalizar\u00e1 en Las Rosas con la presentaci\u00f3n de candidatos locales de la lista Sumar, dentro del Frente Juntos. <a href=\"https:\/\/armstrongyregion.com.ar\/diario\/omar-perotti-visitara-las-ciudades-del-departamento-belgrano\/\" title=\"Read more\" >&#8230;<\/a><\/p>\n","protected":false},"author":1,"featured_media":20781,"comment_status":"open","ping_status":"open","sticky":false,"template":"","format":"standard","meta":{"_jetpack_memberships_contains_paid_content":false,"footnotes":"","jetpack_publicize_message":"","jetpack_publicize_feature_enabled":true,"jetpack_social_post_already_shared":false,"jetpack_social_options":{"image_generator_settings":{"template":"highway","default_image_id":0,"enabled":false},"version":2}},"categories":[1],"tags":[7673],"class_list":["post-20780","post","type-post","status-publish","format-standard","has-post-thumbnail","hentry","category-diario-armstrong","tag-omar-perotti-visitara-las-ciudades-del-departamento-belgrano"],"jetpack_publicize_connections":[],"jetpack_featured_media_url":"https:\/\/armstrongyregion.com.ar\/diario\/wp-content\/uploads\/2019\/03\/GC-2019-03-15-Fb-Senadores-con-Perotti.jpg","jetpack_shortlink":"https:\/\/wp.me\/p62QDO-5pa","jetpack_sharing_enabled":true,"amp_enabled":true,"_links":{"self":[{"href":"https:\/\/armstrongyregion.com.ar\/diario\/wp-json\/wp\/v2\/posts\/20780","targetHints":{"allow":["GET"]}}],"collection":[{"href":"https:\/\/armstrongyregion.com.ar\/diario\/wp-json\/wp\/v2\/posts"}],"about":[{"href":"https:\/\/armstrongyregion.com.ar\/diario\/wp-json\/wp\/v2\/types\/post"}],"author":[{"embeddable":true,"href":"https:\/\/armstrongyregion.com.ar\/diario\/wp-json\/wp\/v2\/users\/1"}],"replies":[{"embeddable":true,"href":"https:\/\/armstrongyregion.com.ar\/diario\/wp-json\/wp\/v2\/comments?post=20780"}],"version-history":[{"count":0,"href":"https:\/\/armstrongyregion.com.ar\/diario\/wp-json\/wp\/v2\/posts\/20780\/revisions"}],"wp:featuredmedia":[{"embeddable":true,"href":"https:\/\/armstrongyregion.com.ar\/diario\/wp-json\/wp\/v2\/media\/20781"}],"wp:attachment":[{"href":"https:\/\/armstrongyregion.com.ar\/diario\/wp-json\/wp\/v2\/media?parent=20780"}],"wp:term":[{"taxonomy":"category","embeddable":true,"href":"https:\/\/armstrongyregion.com.ar\/diario\/wp-json\/wp\/v2\/categories?post=20780"},{"taxonomy":"post_tag","embeddable":true,"href":"https:\/\/armstrongyregion.com.ar\/diario\/wp-json\/wp\/v2\/tags?post=20780"}],"curies":[{"name":"wp","href":"https:\/\/api.w.org\/{rel}","templated":true}]}}