{"id":20776,"date":"2019-03-15T13:10:58","date_gmt":"2019-03-15T13:10:58","guid":{"rendered":"https:\/\/armstrongyregion.com.ar\/diario\/?p=20776"},"modified":"2019-03-15T13:10:58","modified_gmt":"2019-03-15T13:10:58","slug":"armstrong-convenio-por-pavimentos-urbanos","status":"publish","type":"post","link":"https:\/\/armstrongyregion.com.ar\/diario\/armstrong-convenio-por-pavimentos-urbanos\/","title":{"rendered":"Armstrong. Convenio por \u201cPavimentos Urbanos\u201d."},"content":{"rendered":"<p><a href=\"http:\/\/armstrongyregion.com.ar\/diario\/wp-content\/uploads\/2019\/03\/Convenio-Intendentes.jpg\"><img loading=\"lazy\" decoding=\"async\" class=\"alignnone size-full wp-image-20777\" src=\"http:\/\/armstrongyregion.com.ar\/diario\/wp-content\/uploads\/2019\/03\/Convenio-Intendentes.jpg\" alt=\"Convenio-Intendentes\" width=\"768\" height=\"521\" srcset=\"https:\/\/armstrongyregion.com.ar\/diario\/wp-content\/uploads\/2019\/03\/Convenio-Intendentes.jpg 768w, https:\/\/armstrongyregion.com.ar\/diario\/wp-content\/uploads\/2019\/03\/Convenio-Intendentes-300x204.jpg 300w\" sizes=\"auto, (max-width: 768px) 100vw, 768px\" \/><\/a>El d\u00eda mi\u00e9rcoles 13 de marzo en el sal\u00f3n Delmo Dar\u00f3, el Intendente Dr. Pablo Verdecchia recibi\u00f3 al Sr. Ministro de Econom\u00eda de la Provincia de Santa Fe Lic. Gonzalo Saglione con motivo de la firma de un convenio dentro del programa \u201cPavimentos Urbanos\u201d.<\/p>\n<p><a href=\"http:\/\/armstrongyregion.com.ar\/diario\/wp-content\/uploads\/2019\/03\/convenio-intendentes-2-.jpg\"><img loading=\"lazy\" decoding=\"async\" class=\"alignnone size-full wp-image-20778\" src=\"http:\/\/armstrongyregion.com.ar\/diario\/wp-content\/uploads\/2019\/03\/convenio-intendentes-2-.jpg\" alt=\"convenio-intendentes-2-\" width=\"768\" height=\"496\" srcset=\"https:\/\/armstrongyregion.com.ar\/diario\/wp-content\/uploads\/2019\/03\/convenio-intendentes-2-.jpg 768w, https:\/\/armstrongyregion.com.ar\/diario\/wp-content\/uploads\/2019\/03\/convenio-intendentes-2--300x194.jpg 300w\" sizes=\"auto, (max-width: 768px) 100vw, 768px\" \/><\/a>Estuvieron presentes los intendentes de las ciudades de Las Parejas y Las Rosas, Sres. Horacio Compagnuci y Javier Meyer, respectivamente, y el Presidente de la Comuna de Tortugas Sr. Humberto Viozzi. Todos ellos firmaron un documento del mismo tenor.<\/p>\n<p>Presenciaron el acto el Subsecretario de Ejecuci\u00f3n de Proyecto Gabriel Rosti, el Diputado Provincial Miguel Sol\u00eds, el Senador Provincial Guillermo Cornaglia y autoridades de las cuatro localidades beneficiadas.<\/p>\n<p>A trav\u00e9s de la firma de dichos convenios se podr\u00e1n realizar los llamados a licitaci\u00f3n de obras fundamentales de infraestructura vial en el marco de dicho programa, seg\u00fan Ley N\u00b0 13751, impulsado y financiado por el Gobierno Provincial.<\/p>\n<p>Es un programa de suma trascendencia ya que les permitir\u00e1 a todas las municipalidades y comunas de Santa Fe acceder a fondos provinciales para la ejecuci\u00f3n de obras tan importantes como el pavimento para transformar los barrios de las distintas localidades, y representa un enorme logro para el Gobierno Provincial.<\/p>\n<p>Cabe recordar que, el origen de estos fondos surge de la deuda que mantiene el Gobierno nacional con la Provincia de Santa Fe, por la retenci\u00f3n del pago de un porcentaje de coparticipaci\u00f3n nacional que, al d\u00eda de hoy, sigue sin saldar.<\/p>\n<p>A su vez, parte de estos fondos le corresponden a los gobiernos locales en funci\u00f3n de las leyes provinciales de compartici\u00f3n, por lo cual el Gobierno provincial tom\u00f3 la importante decisi\u00f3n de adelantar con recursos propios el cumplimiento de la deuda con los municipios y comunas santafesinos.<\/p>\n","protected":false},"excerpt":{"rendered":"<p>El d\u00eda mi\u00e9rcoles 13 de marzo en el sal\u00f3n Delmo Dar\u00f3, el Intendente Dr. Pablo Verdecchia recibi\u00f3 al Sr. Ministro de Econom\u00eda de la Provincia de Santa Fe Lic. Gonzalo Saglione con motivo de la firma de un convenio dentro del programa \u201cPavimentos Urbanos\u201d. Estuvieron presentes los intendentes de las ciudades de Las Parejas y <a href=\"https:\/\/armstrongyregion.com.ar\/diario\/armstrong-convenio-por-pavimentos-urbanos\/\" title=\"Read more\" >&#8230;<\/a><\/p>\n","protected":false},"author":1,"featured_media":20777,"comment_status":"open","ping_status":"open","sticky":false,"template":"","format":"standard","meta":{"_jetpack_memberships_contains_paid_content":false,"footnotes":"","jetpack_publicize_message":"","jetpack_publicize_feature_enabled":true,"jetpack_social_post_already_shared":false,"jetpack_social_options":{"image_generator_settings":{"template":"highway","default_image_id":0,"enabled":false},"version":2}},"categories":[8,1,2,7,3],"tags":[7672],"class_list":["post-20776","post","type-post","status-publish","format-standard","has-post-thumbnail","hentry","category-deliberando","category-diario-armstrong","category-locales","category-politica","category-region","tag-convenio-por-pavimentos-urbanos"],"jetpack_publicize_connections":[],"jetpack_featured_media_url":"https:\/\/armstrongyregion.com.ar\/diario\/wp-content\/uploads\/2019\/03\/Convenio-Intendentes.jpg","jetpack_shortlink":"https:\/\/wp.me\/p62QDO-5p6","jetpack_sharing_enabled":true,"amp_enabled":true,"_links":{"self":[{"href":"https:\/\/armstrongyregion.com.ar\/diario\/wp-json\/wp\/v2\/posts\/20776","targetHints":{"allow":["GET"]}}],"collection":[{"href":"https:\/\/armstrongyregion.com.ar\/diario\/wp-json\/wp\/v2\/posts"}],"about":[{"href":"https:\/\/armstrongyregion.com.ar\/diario\/wp-json\/wp\/v2\/types\/post"}],"author":[{"embeddable":true,"href":"https:\/\/armstrongyregion.com.ar\/diario\/wp-json\/wp\/v2\/users\/1"}],"replies":[{"embeddable":true,"href":"https:\/\/armstrongyregion.com.ar\/diario\/wp-json\/wp\/v2\/comments?post=20776"}],"version-history":[{"count":0,"href":"https:\/\/armstrongyregion.com.ar\/diario\/wp-json\/wp\/v2\/posts\/20776\/revisions"}],"wp:featuredmedia":[{"embeddable":true,"href":"https:\/\/armstrongyregion.com.ar\/diario\/wp-json\/wp\/v2\/media\/20777"}],"wp:attachment":[{"href":"https:\/\/armstrongyregion.com.ar\/diario\/wp-json\/wp\/v2\/media?parent=20776"}],"wp:term":[{"taxonomy":"category","embeddable":true,"href":"https:\/\/armstrongyregion.com.ar\/diario\/wp-json\/wp\/v2\/categories?post=20776"},{"taxonomy":"post_tag","embeddable":true,"href":"https:\/\/armstrongyregion.com.ar\/diario\/wp-json\/wp\/v2\/tags?post=20776"}],"curies":[{"name":"wp","href":"https:\/\/api.w.org\/{rel}","templated":true}]}}